
{"id":84746,"date":"2020-01-28T13:40:11","date_gmt":"2020-01-28T16:40:11","guid":{"rendered":"https:\/\/www.sudoestehoje.com.br\/novoportal\/?p=84746"},"modified":"2020-01-28T13:40:11","modified_gmt":"2020-01-28T16:40:11","slug":"servidores-fazem-protesto-no-cab-contra-pec-da-previdencia-de-rui-costa","status":"publish","type":"post","link":"https:\/\/www.sudoestehoje.com.br\/novoportal\/2020\/01\/28\/servidores-fazem-protesto-no-cab-contra-pec-da-previdencia-de-rui-costa\/","title":{"rendered":"SERVIDORES FAZEM PROTESTO NO CAB CONTRA PEC DA PREVID\u00caNCIA DE RUI COSTA"},"content":{"rendered":"<div class=\"mc-column content-text active-extra-styles \" data-block-type=\"unstyled\" data-block-weight=\"25\" data-block-id=\"2\">\n<p data-track-category=\"Link no Texto\" data-track-links=\"\"><a href=\"https:\/\/www.sudoestehoje.com.br\/novoportal\/wp-content\/uploads\/2020\/01\/PEC-159.jpeg\"><img loading=\"lazy\" decoding=\"async\" class=\"aligncenter size-medium wp-image-84747\" src=\"https:\/\/www.sudoestehoje.com.br\/novoportal\/wp-content\/uploads\/2020\/01\/PEC-159-500x281.jpeg\" alt=\"\" width=\"500\" height=\"281\" srcset=\"https:\/\/www.sudoestehoje.com.br\/novoportal\/wp-content\/uploads\/2020\/01\/PEC-159-500x281.jpeg 500w, https:\/\/www.sudoestehoje.com.br\/novoportal\/wp-content\/uploads\/2020\/01\/PEC-159.jpeg 640w\" sizes=\"auto, (max-width: 500px) 100vw, 500px\" \/><\/a><\/p>\n<p class=\"content-text__container \" data-track-category=\"Link no Texto\" data-track-links=\"\">Servidores do estado fazem uma manifesta\u00e7\u00e3o na porta da Assembleia Legislativa da Bahia (Alba), desde o final da manh\u00e3 desta ter\u00e7a-feira (28), em Salvador.<\/p>\n<\/div>\n<div class=\"wall protected-content\">\n<div class=\"mc-column content-text active-extra-styles \" data-block-type=\"unstyled\" data-block-weight=\"43\" data-block-id=\"3\">\n<p class=\"content-text__container \" data-track-category=\"Link no Texto\" data-track-links=\"\">De acordo com os manifestantes, o ato \u00e9 contra a PEC 159 que altera o regime de previd\u00eancia dos servidores do estado da Bahia. O protesto \u00e9 pac\u00edfico e n\u00e3o atrapalha o tr\u00e2nsito do Centro Administrativo da Bahia, onde fica a Alba.<\/p>\n<\/div>\n<div class=\"mc-column content-text active-extra-styles \" data-block-type=\"unstyled\" data-block-weight=\"29\" data-block-id=\"4\">\n<p class=\"content-text__container \" data-track-category=\"Link no Texto\" data-track-links=\"\">Tamb\u00e9m em protesto ao regime de previd\u00eancia, os\u00a0<a href=\"https:\/\/g1.globo.com\/ba\/bahia\/noticia\/2020\/01\/27\/policiais-civis-e-penais-param-atividades-por-48-horas-diz-sindicato.ghtml\">policiais civis e penais est\u00e3o com atividades paradas desde segunda-feira (27)<\/a>\u00a0e s\u00f3 devem retomar as opera\u00e7\u00f5es na quarta-feira (29).<\/p>\n<\/div>\n<div class=\"mc-column content-text active-extra-styles \" data-block-type=\"unstyled\" data-block-weight=\"45\" data-block-id=\"5\">\n<p class=\"content-text__container \" data-track-category=\"Link no Texto\" data-track-links=\"\">Os pontos da PEC que est\u00e3o sendo questionados pelos servidores estaduais est\u00e3o relacionados \u00e0 idade m\u00ednima e ao tempo de contribui\u00e7\u00e3o para aposentadoria, \u00e0s regras de transi\u00e7\u00e3o, \u00e0 f\u00f3rmula dos c\u00e1lculos de tributa\u00e7\u00e3o dos inativos e \u00e0s aposentadorias especiais, sobretudo as de professores e professoras.<\/p>\n<\/div>\n<\/div>\n","protected":false},"excerpt":{"rendered":"<p>Servidores do estado fazem uma manifesta\u00e7\u00e3o na porta da Assembleia Legislativa da Bahia (Alba), desde o final da manh\u00e3 desta ter\u00e7a-feira (28), em Salvador. De acordo com os manifestantes, o ato \u00e9 contra a PEC 159 que altera o regime de previd\u00eancia dos servidores do estado da Bahia. O protesto \u00e9 pac\u00edfico e n\u00e3o atrapalha [&hellip;]<\/p>\n","protected":false},"author":2,"featured_media":84747,"comment_status":"open","ping_status":"open","sticky":false,"template":"","format":"standard","meta":{"footnotes":"","_links_to":"","_links_to_target":""},"categories":[1],"tags":[],"class_list":["post-84746","post","type-post","status-publish","format-standard","has-post-thumbnail","hentry","category-geral"],"views":723,"_links":{"self":[{"href":"https:\/\/www.sudoestehoje.com.br\/novoportal\/wp-json\/wp\/v2\/posts\/84746","targetHints":{"allow":["GET"]}}],"collection":[{"href":"https:\/\/www.sudoestehoje.com.br\/novoportal\/wp-json\/wp\/v2\/posts"}],"about":[{"href":"https:\/\/www.sudoestehoje.com.br\/novoportal\/wp-json\/wp\/v2\/types\/post"}],"author":[{"embeddable":true,"href":"https:\/\/www.sudoestehoje.com.br\/novoportal\/wp-json\/wp\/v2\/users\/2"}],"replies":[{"embeddable":true,"href":"https:\/\/www.sudoestehoje.com.br\/novoportal\/wp-json\/wp\/v2\/comments?post=84746"}],"version-history":[{"count":2,"href":"https:\/\/www.sudoestehoje.com.br\/novoportal\/wp-json\/wp\/v2\/posts\/84746\/revisions"}],"predecessor-version":[{"id":84749,"href":"https:\/\/www.sudoestehoje.com.br\/novoportal\/wp-json\/wp\/v2\/posts\/84746\/revisions\/84749"}],"wp:featuredmedia":[{"embeddable":true,"href":"https:\/\/www.sudoestehoje.com.br\/novoportal\/wp-json\/wp\/v2\/media\/84747"}],"wp:attachment":[{"href":"https:\/\/www.sudoestehoje.com.br\/novoportal\/wp-json\/wp\/v2\/media?parent=84746"}],"wp:term":[{"taxonomy":"category","embeddable":true,"href":"https:\/\/www.sudoestehoje.com.br\/novoportal\/wp-json\/wp\/v2\/categories?post=84746"},{"taxonomy":"post_tag","embeddable":true,"href":"https:\/\/www.sudoestehoje.com.br\/novoportal\/wp-json\/wp\/v2\/tags?post=84746"}],"curies":[{"name":"wp","href":"https:\/\/api.w.org\/{rel}","templated":true}]}}