
{"id":84734,"date":"2020-01-26T20:32:01","date_gmt":"2020-01-26T23:32:01","guid":{"rendered":"https:\/\/www.sudoestehoje.com.br\/novoportal\/?p=84734"},"modified":"2020-01-26T20:32:01","modified_gmt":"2020-01-26T23:32:01","slug":"inscricoes-para-o-sisu-encerram-neste-domingo-237-mil-vagas-sao-oferecidas","status":"publish","type":"post","link":"https:\/\/www.sudoestehoje.com.br\/novoportal\/2020\/01\/26\/inscricoes-para-o-sisu-encerram-neste-domingo-237-mil-vagas-sao-oferecidas\/","title":{"rendered":"INSCRI\u00c7\u00d5ES PARA O SISU ENCERRAM NESTE DOMINGO; 237 MIL VAGAS S\u00c3O OFERECIDAS"},"content":{"rendered":"<p><a href=\"https:\/\/www.sudoestehoje.com.br\/novoportal\/wp-content\/uploads\/2020\/01\/SISU-2020.jpg\"><img loading=\"lazy\" decoding=\"async\" class=\"aligncenter size-medium wp-image-84735\" src=\"https:\/\/www.sudoestehoje.com.br\/novoportal\/wp-content\/uploads\/2020\/01\/SISU-2020-500x225.jpg\" alt=\"\" width=\"500\" height=\"225\" srcset=\"https:\/\/www.sudoestehoje.com.br\/novoportal\/wp-content\/uploads\/2020\/01\/SISU-2020-500x225.jpg 500w, https:\/\/www.sudoestehoje.com.br\/novoportal\/wp-content\/uploads\/2020\/01\/SISU-2020-768x346.jpg 768w, https:\/\/www.sudoestehoje.com.br\/novoportal\/wp-content\/uploads\/2020\/01\/SISU-2020-700x315.jpg 700w, https:\/\/www.sudoestehoje.com.br\/novoportal\/wp-content\/uploads\/2020\/01\/SISU-2020.jpg 1024w\" sizes=\"auto, (max-width: 500px) 100vw, 500px\" \/><\/a><\/p>\n<p>Os candidatos t\u00eam at\u00e9 as 23h59 deste domingo (26) para se inscrever no Sistema de Sele\u00e7\u00e3o Unificada (Sisu). Neste semestre s\u00e3o ofertadas 237.128 vagas em 128 institui\u00e7\u00f5es de ensino superior p\u00fablicas de todo o pa\u00eds. O procedimento \u00e9 gratuito e deve ser feito\u00a0<a href=\"https:\/\/sisu.mec.gov.br\/#\/\" target=\"_blank\" rel=\"noopener noreferrer\">na\u00a0p\u00e1gina do programa\u00a0na internet.<\/a><\/p>\n<p>O Sisu \u00e9 a principal forma de acessar o ensino superior p\u00fablico com a nota do Ensino Nacional do Ensino M\u00e9dio (Enem). Para participar da sele\u00e7\u00e3o, \u00e9 necess\u00e1rio n\u00e3o ter zerado a reda\u00e7\u00e3o na edi\u00e7\u00e3o de 2019 do exame.<\/p>\n<p>Ao se inscrever, o candidato deve escolher at\u00e9 duas op\u00e7\u00f5es de cursos ofertados pelas institui\u00e7\u00f5es participantes. O sistema seleciona os mais bem classificados em cada curso, de acordo com as notas no Enem e eventuais pondera\u00e7\u00f5es, como pesos atribu\u00eddos \u00e0s notas ou b\u00f4nus. Caso o desempenho do candidato permita o ingresso nos dois cursos, prevalecer\u00e1 a primeira op\u00e7\u00e3o, com apenas uma chamada para matr\u00edcula.<\/p>\n<p>O candidato selecionado em sua 1\u00aa ou 2\u00aa op\u00e7\u00e3o s\u00f3 ter\u00e1 esta oportunidade de fazer sua matr\u00edcula. Por isso \u00e9 preciso ficar atento aos prazos. Se o candidato for selecionado em 1\u00aa ou 2\u00aa op\u00e7\u00e3o, independentemente de efetuar sua matr\u00edcula, n\u00e3o poder\u00e1 manifestar interesse em participar da lista de espera.<\/p>\n<p><strong>LISTA DE ESPERA<\/strong><\/p>\n<p>Apenas candidatos que n\u00e3o foram selecionados em nenhuma das duas op\u00e7\u00f5es selecionadas no momento da inscri\u00e7\u00e3o podem participar da lista de espera. Para se inscrever nesta segunda chance, o candidato deve acessar o seu boletim Sisu e manifestar o interesse no prazo especificado no cronograma. \u00c9 importante que o candidato acompanhe, junto \u00e0 institui\u00e7\u00e3o da vaga escolhida, a lista de espera e as convoca\u00e7\u00f5es para matr\u00edcula.<\/p>\n","protected":false},"excerpt":{"rendered":"<p>Os candidatos t\u00eam at\u00e9 as 23h59 deste domingo (26) para se inscrever no Sistema de Sele\u00e7\u00e3o Unificada (Sisu). Neste semestre s\u00e3o ofertadas 237.128 vagas em 128 institui\u00e7\u00f5es de ensino superior p\u00fablicas de todo o pa\u00eds. O procedimento \u00e9 gratuito e deve ser feito\u00a0na\u00a0p\u00e1gina do programa\u00a0na internet. O Sisu \u00e9 a principal forma de acessar o [&hellip;]<\/p>\n","protected":false},"author":2,"featured_media":84735,"comment_status":"open","ping_status":"open","sticky":false,"template":"","format":"standard","meta":{"footnotes":"","_links_to":"","_links_to_target":""},"categories":[1],"tags":[],"class_list":["post-84734","post","type-post","status-publish","format-standard","has-post-thumbnail","hentry","category-geral"],"views":745,"_links":{"self":[{"href":"https:\/\/www.sudoestehoje.com.br\/novoportal\/wp-json\/wp\/v2\/posts\/84734","targetHints":{"allow":["GET"]}}],"collection":[{"href":"https:\/\/www.sudoestehoje.com.br\/novoportal\/wp-json\/wp\/v2\/posts"}],"about":[{"href":"https:\/\/www.sudoestehoje.com.br\/novoportal\/wp-json\/wp\/v2\/types\/post"}],"author":[{"embeddable":true,"href":"https:\/\/www.sudoestehoje.com.br\/novoportal\/wp-json\/wp\/v2\/users\/2"}],"replies":[{"embeddable":true,"href":"https:\/\/www.sudoestehoje.com.br\/novoportal\/wp-json\/wp\/v2\/comments?post=84734"}],"version-history":[{"count":1,"href":"https:\/\/www.sudoestehoje.com.br\/novoportal\/wp-json\/wp\/v2\/posts\/84734\/revisions"}],"predecessor-version":[{"id":84736,"href":"https:\/\/www.sudoestehoje.com.br\/novoportal\/wp-json\/wp\/v2\/posts\/84734\/revisions\/84736"}],"wp:featuredmedia":[{"embeddable":true,"href":"https:\/\/www.sudoestehoje.com.br\/novoportal\/wp-json\/wp\/v2\/media\/84735"}],"wp:attachment":[{"href":"https:\/\/www.sudoestehoje.com.br\/novoportal\/wp-json\/wp\/v2\/media?parent=84734"}],"wp:term":[{"taxonomy":"category","embeddable":true,"href":"https:\/\/www.sudoestehoje.com.br\/novoportal\/wp-json\/wp\/v2\/categories?post=84734"},{"taxonomy":"post_tag","embeddable":true,"href":"https:\/\/www.sudoestehoje.com.br\/novoportal\/wp-json\/wp\/v2\/tags?post=84734"}],"curies":[{"name":"wp","href":"https:\/\/api.w.org\/{rel}","templated":true}]}}