
{"id":84727,"date":"2020-01-23T18:10:05","date_gmt":"2020-01-23T21:10:05","guid":{"rendered":"https:\/\/www.sudoestehoje.com.br\/novoportal\/?p=84727"},"modified":"2020-01-23T18:10:05","modified_gmt":"2020-01-23T21:10:05","slug":"confirmado-rodrigo-conquista-complexo-esportivo-para-itapetinga","status":"publish","type":"post","link":"https:\/\/www.sudoestehoje.com.br\/novoportal\/2020\/01\/23\/confirmado-rodrigo-conquista-complexo-esportivo-para-itapetinga\/","title":{"rendered":"CONFIRMADO: RODRIGO CONQUISTA COMPLEXO ESPORTIVO PARA ITAPETINGA"},"content":{"rendered":"<p><a href=\"https:\/\/www.sudoestehoje.com.br\/novoportal\/wp-content\/uploads\/2020\/01\/COMPLEXO-ESPORTIVO-OK.jpeg\"><img loading=\"lazy\" decoding=\"async\" class=\"aligncenter size-medium wp-image-84728\" src=\"https:\/\/www.sudoestehoje.com.br\/novoportal\/wp-content\/uploads\/2020\/01\/COMPLEXO-ESPORTIVO-OK-500x375.jpeg\" alt=\"\" width=\"500\" height=\"375\" srcset=\"https:\/\/www.sudoestehoje.com.br\/novoportal\/wp-content\/uploads\/2020\/01\/COMPLEXO-ESPORTIVO-OK-500x375.jpeg 500w, https:\/\/www.sudoestehoje.com.br\/novoportal\/wp-content\/uploads\/2020\/01\/COMPLEXO-ESPORTIVO-OK-768x576.jpeg 768w, https:\/\/www.sudoestehoje.com.br\/novoportal\/wp-content\/uploads\/2020\/01\/COMPLEXO-ESPORTIVO-OK-700x525.jpeg 700w, https:\/\/www.sudoestehoje.com.br\/novoportal\/wp-content\/uploads\/2020\/01\/COMPLEXO-ESPORTIVO-OK.jpeg 990w\" sizes=\"auto, (max-width: 500px) 100vw, 500px\" \/><\/a><\/p>\n<p>Na ter\u00e7a-feira, dia 21, o Prefeito Rodrigo Hagge, acompanhado pelo Secret\u00e1rio de Educa\u00e7\u00e3o Geraldo Trindade, foi recebido na Secretaria de Educa\u00e7\u00e3o do Estado da Bahia. A audi\u00eancia, agendada pela Secret\u00e1ria de Rela\u00e7\u00f5es Institucionais, Cibele Carvalho, tratou sobre a instala\u00e7\u00e3o do Complexo Poliesportivo e Educacional que abranger\u00e1 o Gin\u00e1sio de Esportes e a \u00e1rea ao lado, atualmente ocupada pelo campo de futebol.<\/p>\n<p>Itapetinga agora est\u00e1 inclu\u00edda na rela\u00e7\u00e3o dos pr\u00f3ximos munic\u00edpios que ser\u00e3o contemplados com as constru\u00e7\u00f5es dos Complexos Poliesportivos . A Secretaria da Educa\u00e7\u00e3o do Estado informou que a licita\u00e7\u00e3o para a constru\u00e7\u00e3o do equipamento \u2013 de um total de 20 que ser\u00e3o implantados no Estado \u2013 ser\u00e1 publicada nos pr\u00f3ximos dias.<\/p>\n<p>O Complexo ser\u00e1 administrado pela Prefeitura, atrav\u00e9s da Secretaria Municipal de Educa\u00e7\u00e3o, para uso dos alunos das redes municipal, estadual e particular, e contar\u00e1 com uma estrutura completa que englobar\u00e1 o gin\u00e1sio de esportes totalmente reformado, piscinas, campo de futebol, quadra poliesportiva, quadra com piso de areia, pista de atletismo, pista para saltos dentre outros, fortalecendo a pr\u00e1tica esportiva, art\u00edstica e cultural no curr\u00edculo escolar, facilitando tamb\u00e9m a amplia\u00e7\u00e3o da jornada escolar em tempo integral.<\/p>\n<p>O Prefeito Rodrigo Hagge salientou a import\u00e2ncia da iniciativa, que al\u00e9m de refor\u00e7ar o regime de colabora\u00e7\u00e3o entre Estado e Munic\u00edpio, mobilizar\u00e1 a nossa juventude em atividades esportivas e culturais, principalmente no contraturno das aulas. \/\/<em>Ascom<\/em><\/p>\n","protected":false},"excerpt":{"rendered":"<p>Na ter\u00e7a-feira, dia 21, o Prefeito Rodrigo Hagge, acompanhado pelo Secret\u00e1rio de Educa\u00e7\u00e3o Geraldo Trindade, foi recebido na Secretaria de Educa\u00e7\u00e3o do Estado da Bahia. A audi\u00eancia, agendada pela Secret\u00e1ria de Rela\u00e7\u00f5es Institucionais, Cibele Carvalho, tratou sobre a instala\u00e7\u00e3o do Complexo Poliesportivo e Educacional que abranger\u00e1 o Gin\u00e1sio de Esportes e a \u00e1rea ao lado, [&hellip;]<\/p>\n","protected":false},"author":2,"featured_media":84728,"comment_status":"open","ping_status":"open","sticky":false,"template":"","format":"standard","meta":{"footnotes":"","_links_to":"","_links_to_target":""},"categories":[1],"tags":[],"class_list":["post-84727","post","type-post","status-publish","format-standard","has-post-thumbnail","hentry","category-geral"],"views":1012,"_links":{"self":[{"href":"https:\/\/www.sudoestehoje.com.br\/novoportal\/wp-json\/wp\/v2\/posts\/84727","targetHints":{"allow":["GET"]}}],"collection":[{"href":"https:\/\/www.sudoestehoje.com.br\/novoportal\/wp-json\/wp\/v2\/posts"}],"about":[{"href":"https:\/\/www.sudoestehoje.com.br\/novoportal\/wp-json\/wp\/v2\/types\/post"}],"author":[{"embeddable":true,"href":"https:\/\/www.sudoestehoje.com.br\/novoportal\/wp-json\/wp\/v2\/users\/2"}],"replies":[{"embeddable":true,"href":"https:\/\/www.sudoestehoje.com.br\/novoportal\/wp-json\/wp\/v2\/comments?post=84727"}],"version-history":[{"count":1,"href":"https:\/\/www.sudoestehoje.com.br\/novoportal\/wp-json\/wp\/v2\/posts\/84727\/revisions"}],"predecessor-version":[{"id":84729,"href":"https:\/\/www.sudoestehoje.com.br\/novoportal\/wp-json\/wp\/v2\/posts\/84727\/revisions\/84729"}],"wp:featuredmedia":[{"embeddable":true,"href":"https:\/\/www.sudoestehoje.com.br\/novoportal\/wp-json\/wp\/v2\/media\/84728"}],"wp:attachment":[{"href":"https:\/\/www.sudoestehoje.com.br\/novoportal\/wp-json\/wp\/v2\/media?parent=84727"}],"wp:term":[{"taxonomy":"category","embeddable":true,"href":"https:\/\/www.sudoestehoje.com.br\/novoportal\/wp-json\/wp\/v2\/categories?post=84727"},{"taxonomy":"post_tag","embeddable":true,"href":"https:\/\/www.sudoestehoje.com.br\/novoportal\/wp-json\/wp\/v2\/tags?post=84727"}],"curies":[{"name":"wp","href":"https:\/\/api.w.org\/{rel}","templated":true}]}}