
{"id":84723,"date":"2020-01-22T19:56:06","date_gmt":"2020-01-22T22:56:06","guid":{"rendered":"https:\/\/www.sudoestehoje.com.br\/novoportal\/?p=84723"},"modified":"2020-01-22T19:56:06","modified_gmt":"2020-01-22T22:56:06","slug":"fux-derruba-decisao-de-toffoli-e-suspende-regra-do-juiz-de-garantias","status":"publish","type":"post","link":"https:\/\/www.sudoestehoje.com.br\/novoportal\/2020\/01\/22\/fux-derruba-decisao-de-toffoli-e-suspende-regra-do-juiz-de-garantias\/","title":{"rendered":"FUX DERRUBA DECIS\u00c3O DE TOFFOLI E SUSPENDE REGRA DO &#8216;JUIZ DE GARANTIAS&#8217;"},"content":{"rendered":"<p><a href=\"https:\/\/www.sudoestehoje.com.br\/novoportal\/wp-content\/uploads\/2020\/01\/FUX-111.jpg\"><img loading=\"lazy\" decoding=\"async\" class=\"aligncenter size-medium wp-image-84725\" src=\"https:\/\/www.sudoestehoje.com.br\/novoportal\/wp-content\/uploads\/2020\/01\/FUX-111-500x300.jpg\" alt=\"\" width=\"500\" height=\"300\" srcset=\"https:\/\/www.sudoestehoje.com.br\/novoportal\/wp-content\/uploads\/2020\/01\/FUX-111-500x300.jpg 500w, https:\/\/www.sudoestehoje.com.br\/novoportal\/wp-content\/uploads\/2020\/01\/FUX-111-768x461.jpg 768w, https:\/\/www.sudoestehoje.com.br\/novoportal\/wp-content\/uploads\/2020\/01\/FUX-111-700x420.jpg 700w, https:\/\/www.sudoestehoje.com.br\/novoportal\/wp-content\/uploads\/2020\/01\/FUX-111.jpg 1086w\" sizes=\"auto, (max-width: 500px) 100vw, 500px\" \/><\/a><\/p>\n<p>O ministro <strong>Luiz Fux<\/strong>, que est\u00e1 provisoriamente na presid\u00eancia do Supremo Tribunal Federal (<strong>STF<\/strong>) durante o recesso, suspendeu nesta quarta-feira a aplica\u00e7\u00e3o da regra do\u00a0<strong>juiz de garantias<\/strong>, prevista na Lei\u00a0<strong>Anticrime<\/strong>.<\/p>\n<p>Na semana passada, o presidente da Corte,\u00a0<strong>Dias Toffoli<\/strong>, tinha dado prazo de\u00a0<a href=\"https:\/\/oglobo.globo.com\/brasil\/toffoli-adia-norma-do-juiz-de-garantias-por-seis-meses-24191758\">seis meses para a norma entrar em vigor<\/a>. Agora, n\u00e3o h\u00e1 mais prazo. A liminar de Fux tem dura\u00e7\u00e3o at\u00e9 o plen\u00e1rio do Tribunal julgar o caso, o que n\u00e3o tem previs\u00e3o para acontecer.<\/p>\n<p>A data depende de Fux, relator do caso. Na decis\u00e3o, o ministro ressaltou que a liminar \u201cn\u00e3o interfere nem suspende os inqu\u00e9ritos e os processos em curso na presente data\u201d.<\/p>\n","protected":false},"excerpt":{"rendered":"<p>O ministro Luiz Fux, que est\u00e1 provisoriamente na presid\u00eancia do Supremo Tribunal Federal (STF) durante o recesso, suspendeu nesta quarta-feira a aplica\u00e7\u00e3o da regra do\u00a0juiz de garantias, prevista na Lei\u00a0Anticrime. Na semana passada, o presidente da Corte,\u00a0Dias Toffoli, tinha dado prazo de\u00a0seis meses para a norma entrar em vigor. Agora, n\u00e3o h\u00e1 mais prazo. A [&hellip;]<\/p>\n","protected":false},"author":2,"featured_media":84725,"comment_status":"open","ping_status":"open","sticky":false,"template":"","format":"standard","meta":{"footnotes":"","_links_to":"","_links_to_target":""},"categories":[1],"tags":[],"class_list":["post-84723","post","type-post","status-publish","format-standard","has-post-thumbnail","hentry","category-geral"],"views":705,"_links":{"self":[{"href":"https:\/\/www.sudoestehoje.com.br\/novoportal\/wp-json\/wp\/v2\/posts\/84723","targetHints":{"allow":["GET"]}}],"collection":[{"href":"https:\/\/www.sudoestehoje.com.br\/novoportal\/wp-json\/wp\/v2\/posts"}],"about":[{"href":"https:\/\/www.sudoestehoje.com.br\/novoportal\/wp-json\/wp\/v2\/types\/post"}],"author":[{"embeddable":true,"href":"https:\/\/www.sudoestehoje.com.br\/novoportal\/wp-json\/wp\/v2\/users\/2"}],"replies":[{"embeddable":true,"href":"https:\/\/www.sudoestehoje.com.br\/novoportal\/wp-json\/wp\/v2\/comments?post=84723"}],"version-history":[{"count":2,"href":"https:\/\/www.sudoestehoje.com.br\/novoportal\/wp-json\/wp\/v2\/posts\/84723\/revisions"}],"predecessor-version":[{"id":84726,"href":"https:\/\/www.sudoestehoje.com.br\/novoportal\/wp-json\/wp\/v2\/posts\/84723\/revisions\/84726"}],"wp:featuredmedia":[{"embeddable":true,"href":"https:\/\/www.sudoestehoje.com.br\/novoportal\/wp-json\/wp\/v2\/media\/84725"}],"wp:attachment":[{"href":"https:\/\/www.sudoestehoje.com.br\/novoportal\/wp-json\/wp\/v2\/media?parent=84723"}],"wp:term":[{"taxonomy":"category","embeddable":true,"href":"https:\/\/www.sudoestehoje.com.br\/novoportal\/wp-json\/wp\/v2\/categories?post=84723"},{"taxonomy":"post_tag","embeddable":true,"href":"https:\/\/www.sudoestehoje.com.br\/novoportal\/wp-json\/wp\/v2\/tags?post=84723"}],"curies":[{"name":"wp","href":"https:\/\/api.w.org\/{rel}","templated":true}]}}