
{"id":84719,"date":"2020-01-22T19:39:47","date_gmt":"2020-01-22T22:39:47","guid":{"rendered":"https:\/\/www.sudoestehoje.com.br\/novoportal\/?p=84719"},"modified":"2020-01-22T19:39:47","modified_gmt":"2020-01-22T22:39:47","slug":"acm-neto-afirma-que-o-mais-provavel-e-ser-candidato-ao-governo-da-bahia-em-2022","status":"publish","type":"post","link":"https:\/\/www.sudoestehoje.com.br\/novoportal\/2020\/01\/22\/acm-neto-afirma-que-o-mais-provavel-e-ser-candidato-ao-governo-da-bahia-em-2022\/","title":{"rendered":"ACM NETO AFIRMA QUE O MAIS PROV\u00c1VEL \u00c9 SER CANDIDATO AO GOVERNO DA BAHIA EM 2022"},"content":{"rendered":"<p><a href=\"https:\/\/www.sudoestehoje.com.br\/novoportal\/wp-content\/uploads\/2020\/01\/NETO-1111.jpg\"><img loading=\"lazy\" decoding=\"async\" class=\"aligncenter size-medium wp-image-84720\" src=\"https:\/\/www.sudoestehoje.com.br\/novoportal\/wp-content\/uploads\/2020\/01\/NETO-1111-500x235.jpg\" alt=\"\" width=\"500\" height=\"235\" srcset=\"https:\/\/www.sudoestehoje.com.br\/novoportal\/wp-content\/uploads\/2020\/01\/NETO-1111-500x235.jpg 500w, https:\/\/www.sudoestehoje.com.br\/novoportal\/wp-content\/uploads\/2020\/01\/NETO-1111-768x361.jpg 768w, https:\/\/www.sudoestehoje.com.br\/novoportal\/wp-content\/uploads\/2020\/01\/NETO-1111-700x329.jpg 700w, https:\/\/www.sudoestehoje.com.br\/novoportal\/wp-content\/uploads\/2020\/01\/NETO-1111.jpg 1600w\" sizes=\"auto, (max-width: 500px) 100vw, 500px\" \/><\/a><\/p>\n<p>Durante entrevista para a uma emissora de r\u00e1dio pernambucana, nesta quarta-feira (22), o prefeito de Salvador e presidente nacional do Democratas, ACM Neto, afirmou que deve mesmo disputar o governo da Bahia nas elei\u00e7\u00f5es de 2022. Ele disse ser mais prov\u00e1vel disputar o pleito estadual<\/p>\n<p>O chefe do executivo da capital a baiana, ainda disse que em 2021 vai focar na organiza\u00e7\u00e3o nacional do legenda, para as disputas nos estados e para a presid\u00eancia da Rep\u00fablica.<\/p>\n<p>Ainda na conversa, Neto reiterou que n\u00e3o convidou o governador Rui Costa (PT) para a inaugura\u00e7\u00e3o do novo Centro de Conven\u00e7\u00f5es, que acontece nesta quinta-feira (23), para \u201cevitar qualquer constrangimento\u201d.<\/p>\n","protected":false},"excerpt":{"rendered":"<p>Durante entrevista para a uma emissora de r\u00e1dio pernambucana, nesta quarta-feira (22), o prefeito de Salvador e presidente nacional do Democratas, ACM Neto, afirmou que deve mesmo disputar o governo da Bahia nas elei\u00e7\u00f5es de 2022. Ele disse ser mais prov\u00e1vel disputar o pleito estadual O chefe do executivo da capital a baiana, ainda disse [&hellip;]<\/p>\n","protected":false},"author":2,"featured_media":84720,"comment_status":"open","ping_status":"open","sticky":false,"template":"","format":"standard","meta":{"footnotes":"","_links_to":"","_links_to_target":""},"categories":[1],"tags":[],"class_list":["post-84719","post","type-post","status-publish","format-standard","has-post-thumbnail","hentry","category-geral"],"views":686,"_links":{"self":[{"href":"https:\/\/www.sudoestehoje.com.br\/novoportal\/wp-json\/wp\/v2\/posts\/84719","targetHints":{"allow":["GET"]}}],"collection":[{"href":"https:\/\/www.sudoestehoje.com.br\/novoportal\/wp-json\/wp\/v2\/posts"}],"about":[{"href":"https:\/\/www.sudoestehoje.com.br\/novoportal\/wp-json\/wp\/v2\/types\/post"}],"author":[{"embeddable":true,"href":"https:\/\/www.sudoestehoje.com.br\/novoportal\/wp-json\/wp\/v2\/users\/2"}],"replies":[{"embeddable":true,"href":"https:\/\/www.sudoestehoje.com.br\/novoportal\/wp-json\/wp\/v2\/comments?post=84719"}],"version-history":[{"count":2,"href":"https:\/\/www.sudoestehoje.com.br\/novoportal\/wp-json\/wp\/v2\/posts\/84719\/revisions"}],"predecessor-version":[{"id":84722,"href":"https:\/\/www.sudoestehoje.com.br\/novoportal\/wp-json\/wp\/v2\/posts\/84719\/revisions\/84722"}],"wp:featuredmedia":[{"embeddable":true,"href":"https:\/\/www.sudoestehoje.com.br\/novoportal\/wp-json\/wp\/v2\/media\/84720"}],"wp:attachment":[{"href":"https:\/\/www.sudoestehoje.com.br\/novoportal\/wp-json\/wp\/v2\/media?parent=84719"}],"wp:term":[{"taxonomy":"category","embeddable":true,"href":"https:\/\/www.sudoestehoje.com.br\/novoportal\/wp-json\/wp\/v2\/categories?post=84719"},{"taxonomy":"post_tag","embeddable":true,"href":"https:\/\/www.sudoestehoje.com.br\/novoportal\/wp-json\/wp\/v2\/tags?post=84719"}],"curies":[{"name":"wp","href":"https:\/\/api.w.org\/{rel}","templated":true}]}}