
{"id":8471,"date":"2011-09-10T09:53:51","date_gmt":"2011-09-10T12:53:51","guid":{"rendered":"http:\/\/www.sudoestehoje.com.br\/novoportal\/?p=8471"},"modified":"2011-09-10T23:39:53","modified_gmt":"2011-09-11T02:39:53","slug":"joao-de-deus-diz-que-nao-quer-politizar-cpi","status":"publish","type":"post","link":"https:\/\/www.sudoestehoje.com.br\/novoportal\/2011\/09\/10\/joao-de-deus-diz-que-nao-quer-politizar-cpi\/","title":{"rendered":"VEREADOR JO\u00c3O DE DEUS DIZ QUE N\u00c3O ASSINA CPI \u2018POLITIZADA\u2019"},"content":{"rendered":"<p><a href=\"http:\/\/www.sudoestehoje.com.br\/novoportal\/wp-content\/uploads\/2011\/09\/imagesd-horz.jpg\"><img loading=\"lazy\" decoding=\"async\" class=\"aligncenter size-full wp-image-8473\" title=\"imagesd-horz\" src=\"http:\/\/www.sudoestehoje.com.br\/novoportal\/wp-content\/uploads\/2011\/09\/imagesd-horz.jpg\" alt=\"\" width=\"270\" height=\"173\" \/><\/a><\/p>\n<p>Fomos informados de que em uma reuni\u00e3o realizada na c\u00e2mara municipal, durante a semana, alguns vereadores da chamada &#8216;oposi\u00e7\u00e3o&#8217;, estariam demonstrando sinais de que pretendem recuar da abertura da CPI da Vidal, deixando os seus colegas de bancada perplexos e at\u00e9 indignados.<\/p>\n<p>Um deles, segundo fui informado, seria o pr\u00f3prio presidente da casa, vereador Jo\u00e3o de Deus (PMDB), que teria dito, taxativamente, que n\u00e3o assinaria nenhuma CPI com &#8220;cunho pol\u00edtico&#8221;. Se isto realmente estiver acontecendo, acho que o ilustre vereador deve mudar de ramo, ou seja, assumir o seu posto na Guarda Municipal, e sair de vez da pol\u00edtica. Afinal, a fun\u00e7\u00e3o do vereador n\u00e3o \u00e9 outra sen\u00e3o fazer pol\u00edtica. S\u00f3 isto e nada mais, n\u00e3o \u00e9 verdade?<!--more--><\/p>\n<p>Outra situa\u00e7\u00e3o que deve ser observada e discutida \u00e9 a estreita rela\u00e7\u00e3o que o vereador Jo\u00e3o de Deus, dito de &#8216;oposi\u00e7\u00e3o&#8217;, vem mantendo com a administra\u00e7\u00e3o municipal, que j\u00e1 saiu do campo do &#8216;bom relacionamento&#8217;, h\u00e1 muito tempo. Isto requer uma a\u00e7\u00e3o imediata dos dirigente do PMDB, que tamb\u00e9m assumiram, publicamente, o compromisso de apoiar a CPI. Assim como fizeram os democratas, \u00a0os peemedebistas tamb\u00e9m precisam fechar quest\u00e3o sobre o assunto, pois, afinal, est\u00e3o devendo \u00e0 popula\u00e7\u00e3o de Itapetinga uma postura mais firme contra os desmandos do prefeito e sua &#8216;mui bem intencionada&#8217; turma. Est\u00e1 na hora do &#8216;v\u00e9i&#8217; entrar em campo e puxar algumas orelhas, como bem fazia nos velhos tempos.<\/p>\n<p>Esta CPI, n\u00e3o deve ser instalada somente para apurar o contrato da Vidal, mas de todos os outros contratos suspeitos da prefeitura, como o da terceiriza\u00e7\u00e3o de servidores e o da contrata\u00e7\u00e3o do m\u00e9dico e vereador e m\u00e9dico Jos\u00e9 Roberto, atrav\u00e9s de uma empresa &#8216;laranja&#8217;. Se os vereadores recuarem agora, ficar\u00e3o totalmente desmoralizados e sem nenhuma credibilidade diante da popula\u00e7\u00e3o. E olha que o desgaste j\u00e9 \u00e9 enorme.<\/p>\n<p>O cheiro de pizza j\u00e1 est\u00e1 no ar&#8230;<\/p>\n<p><strong><em>Por DAVI FERRAZ<\/em><\/strong><\/p>\n","protected":false},"excerpt":{"rendered":"<p>Fomos informados de que em uma reuni\u00e3o realizada na c\u00e2mara municipal, durante a semana, alguns vereadores da chamada &#8216;oposi\u00e7\u00e3o&#8217;, estariam demonstrando sinais de que pretendem recuar da abertura da CPI da Vidal, deixando os seus colegas de bancada perplexos e at\u00e9 indignados. Um deles, segundo fui informado, seria o pr\u00f3prio presidente da casa, vereador Jo\u00e3o [&hellip;]<\/p>\n","protected":false},"author":2,"featured_media":0,"comment_status":"open","ping_status":"open","sticky":false,"template":"","format":"standard","meta":{"footnotes":"","_links_to":"","_links_to_target":""},"categories":[1],"tags":[],"class_list":["post-8471","post","type-post","status-publish","format-standard","hentry","category-geral"],"views":1255,"_links":{"self":[{"href":"https:\/\/www.sudoestehoje.com.br\/novoportal\/wp-json\/wp\/v2\/posts\/8471","targetHints":{"allow":["GET"]}}],"collection":[{"href":"https:\/\/www.sudoestehoje.com.br\/novoportal\/wp-json\/wp\/v2\/posts"}],"about":[{"href":"https:\/\/www.sudoestehoje.com.br\/novoportal\/wp-json\/wp\/v2\/types\/post"}],"author":[{"embeddable":true,"href":"https:\/\/www.sudoestehoje.com.br\/novoportal\/wp-json\/wp\/v2\/users\/2"}],"replies":[{"embeddable":true,"href":"https:\/\/www.sudoestehoje.com.br\/novoportal\/wp-json\/wp\/v2\/comments?post=8471"}],"version-history":[{"count":6,"href":"https:\/\/www.sudoestehoje.com.br\/novoportal\/wp-json\/wp\/v2\/posts\/8471\/revisions"}],"predecessor-version":[{"id":8475,"href":"https:\/\/www.sudoestehoje.com.br\/novoportal\/wp-json\/wp\/v2\/posts\/8471\/revisions\/8475"}],"wp:attachment":[{"href":"https:\/\/www.sudoestehoje.com.br\/novoportal\/wp-json\/wp\/v2\/media?parent=8471"}],"wp:term":[{"taxonomy":"category","embeddable":true,"href":"https:\/\/www.sudoestehoje.com.br\/novoportal\/wp-json\/wp\/v2\/categories?post=8471"},{"taxonomy":"post_tag","embeddable":true,"href":"https:\/\/www.sudoestehoje.com.br\/novoportal\/wp-json\/wp\/v2\/tags?post=8471"}],"curies":[{"name":"wp","href":"https:\/\/api.w.org\/{rel}","templated":true}]}}