
{"id":84701,"date":"2020-01-21T12:00:07","date_gmt":"2020-01-21T15:00:07","guid":{"rendered":"https:\/\/www.sudoestehoje.com.br\/novoportal\/?p=84701"},"modified":"2020-01-21T12:21:44","modified_gmt":"2020-01-21T15:21:44","slug":"luto-morre-zaqueu-vieira-duarte-pai-da-vereadora-naara-duarte","status":"publish","type":"post","link":"https:\/\/www.sudoestehoje.com.br\/novoportal\/2020\/01\/21\/luto-morre-zaqueu-vieira-duarte-pai-da-vereadora-naara-duarte\/","title":{"rendered":"LUTO: MORRE ZAQUEU VIEIRA DUARTE, PAI DA VEREADORA NAARA DUARTE"},"content":{"rendered":"<p><a href=\"https:\/\/www.sudoestehoje.com.br\/novoportal\/wp-content\/uploads\/2020\/01\/ZAQUEU.jpg\"><img loading=\"lazy\" decoding=\"async\" class=\"aligncenter size-medium wp-image-84710\" src=\"https:\/\/www.sudoestehoje.com.br\/novoportal\/wp-content\/uploads\/2020\/01\/ZAQUEU-500x491.jpg\" alt=\"\" width=\"500\" height=\"491\" srcset=\"https:\/\/www.sudoestehoje.com.br\/novoportal\/wp-content\/uploads\/2020\/01\/ZAQUEU-500x491.jpg 500w, https:\/\/www.sudoestehoje.com.br\/novoportal\/wp-content\/uploads\/2020\/01\/ZAQUEU-768x754.jpg 768w, https:\/\/www.sudoestehoje.com.br\/novoportal\/wp-content\/uploads\/2020\/01\/ZAQUEU-700x687.jpg 700w, https:\/\/www.sudoestehoje.com.br\/novoportal\/wp-content\/uploads\/2020\/01\/ZAQUEU.jpg 1280w\" sizes=\"auto, (max-width: 500px) 100vw, 500px\" \/><\/a><\/p>\n<p>Faleceu, nesta ter\u00e7a-feira (21), de causas naturais, o comerciante Zaqueu Vieira Duarte, 78 anos, pai da presidente da C\u00e2mara de Vereadores de Itapetinga, Naara Duarte.<\/p>\n<p>O Sr. Zaqueu j\u00e1 vinha acometido de grave doen\u00e7a e realizava quimioterapia periodicamente, em Vit\u00f3ria da Conquista, mas n\u00e3o resistiu e veio a \u00f3bito nesta manh\u00e3.<\/p>\n<p>Zaqueu foi casado com a ex-vereadora Nair Duarte e deixa quatro filhos, dentre eles Naara e Nalthy Duarte, figuras conhecidas no mundo pol\u00edtico e empresarial de Itapetinga, al\u00e9m de Zaqueu Junior, serventu\u00e1rio da justi\u00e7a e Jucin\u00e9lia Lima Duarte, funcion\u00e1ria aposentada do Banco do Brasil.<\/p>\n<p>O Sudoeste Hoje manifesta \u00e0 fam\u00edlia enlutada, os seus mais sinceros sentimentos pela irrepar\u00e1vel perda.<\/p>\n<p>O vel\u00f3rio acontecer\u00e1 na Igreja Batista Boas Novas, na Rua Montes Claros e o sepultamento ser\u00e1 realizado \u00e0s 9h desta quarta-feira (22), no Cemit\u00e9rio Central do bairro Camacan.<\/p>\n<p>Davi Ferraz &#8211; Editor<\/p>\n","protected":false},"excerpt":{"rendered":"<p>Faleceu, nesta ter\u00e7a-feira (21), de causas naturais, o comerciante Zaqueu Vieira Duarte, 78 anos, pai da presidente da C\u00e2mara de Vereadores de Itapetinga, Naara Duarte. O Sr. Zaqueu j\u00e1 vinha acometido de grave doen\u00e7a e realizava quimioterapia periodicamente, em Vit\u00f3ria da Conquista, mas n\u00e3o resistiu e veio a \u00f3bito nesta manh\u00e3. Zaqueu foi casado com [&hellip;]<\/p>\n","protected":false},"author":2,"featured_media":84710,"comment_status":"open","ping_status":"open","sticky":false,"template":"","format":"standard","meta":{"footnotes":"","_links_to":"","_links_to_target":""},"categories":[1],"tags":[],"class_list":["post-84701","post","type-post","status-publish","format-standard","has-post-thumbnail","hentry","category-geral"],"views":812,"_links":{"self":[{"href":"https:\/\/www.sudoestehoje.com.br\/novoportal\/wp-json\/wp\/v2\/posts\/84701","targetHints":{"allow":["GET"]}}],"collection":[{"href":"https:\/\/www.sudoestehoje.com.br\/novoportal\/wp-json\/wp\/v2\/posts"}],"about":[{"href":"https:\/\/www.sudoestehoje.com.br\/novoportal\/wp-json\/wp\/v2\/types\/post"}],"author":[{"embeddable":true,"href":"https:\/\/www.sudoestehoje.com.br\/novoportal\/wp-json\/wp\/v2\/users\/2"}],"replies":[{"embeddable":true,"href":"https:\/\/www.sudoestehoje.com.br\/novoportal\/wp-json\/wp\/v2\/comments?post=84701"}],"version-history":[{"count":6,"href":"https:\/\/www.sudoestehoje.com.br\/novoportal\/wp-json\/wp\/v2\/posts\/84701\/revisions"}],"predecessor-version":[{"id":84714,"href":"https:\/\/www.sudoestehoje.com.br\/novoportal\/wp-json\/wp\/v2\/posts\/84701\/revisions\/84714"}],"wp:featuredmedia":[{"embeddable":true,"href":"https:\/\/www.sudoestehoje.com.br\/novoportal\/wp-json\/wp\/v2\/media\/84710"}],"wp:attachment":[{"href":"https:\/\/www.sudoestehoje.com.br\/novoportal\/wp-json\/wp\/v2\/media?parent=84701"}],"wp:term":[{"taxonomy":"category","embeddable":true,"href":"https:\/\/www.sudoestehoje.com.br\/novoportal\/wp-json\/wp\/v2\/categories?post=84701"},{"taxonomy":"post_tag","embeddable":true,"href":"https:\/\/www.sudoestehoje.com.br\/novoportal\/wp-json\/wp\/v2\/tags?post=84701"}],"curies":[{"name":"wp","href":"https:\/\/api.w.org\/{rel}","templated":true}]}}