
{"id":84674,"date":"2020-01-20T23:49:16","date_gmt":"2020-01-21T02:49:16","guid":{"rendered":"https:\/\/www.sudoestehoje.com.br\/novoportal\/?p=84674"},"modified":"2020-01-21T11:10:15","modified_gmt":"2020-01-21T14:10:15","slug":"vergonha-populacao-de-itapetinga-e-regiao-dorme-na-fila-para-tirar-documentos-no-sac-meia-boca-de-rui-costa","status":"publish","type":"post","link":"https:\/\/www.sudoestehoje.com.br\/novoportal\/2020\/01\/20\/vergonha-populacao-de-itapetinga-e-regiao-dorme-na-fila-para-tirar-documentos-no-sac-meia-boca-de-rui-costa\/","title":{"rendered":"VERGONHA: POPULA\u00c7\u00c3O DE ITAPETINGA E REGI\u00c3O DORME NA FILA PARA TIRAR DOCUMENTOS NO &#8216;SAC MEIA BOCA&#8217; DE RUI COSTA"},"content":{"rendered":"<p><a href=\"https:\/\/www.sudoestehoje.com.br\/novoportal\/wp-content\/uploads\/2020\/01\/sac-fila.jpg\"><img loading=\"lazy\" decoding=\"async\" class=\"aligncenter wp-image-84681\" src=\"https:\/\/www.sudoestehoje.com.br\/novoportal\/wp-content\/uploads\/2020\/01\/sac-fila-500x243.jpg\" alt=\"\" width=\"500\" height=\"243\" srcset=\"https:\/\/www.sudoestehoje.com.br\/novoportal\/wp-content\/uploads\/2020\/01\/sac-fila-500x243.jpg 500w, https:\/\/www.sudoestehoje.com.br\/novoportal\/wp-content\/uploads\/2020\/01\/sac-fila-768x373.jpg 768w, https:\/\/www.sudoestehoje.com.br\/novoportal\/wp-content\/uploads\/2020\/01\/sac-fila-700x340.jpg 700w, https:\/\/www.sudoestehoje.com.br\/novoportal\/wp-content\/uploads\/2020\/01\/sac-fila.jpg 1280w\" sizes=\"auto, (max-width: 500px) 100vw, 500px\" \/><\/a><\/p>\n<p>Inaugurado com pompa pelo governador Rui Costa e todo o seu staff pol\u00edtico, no final de 2017, o Ponto SAC de Itapetinga, conhecido por &#8220;Saquinho&#8221;, n\u00e3o atende \u00e0 demanda de quem quer tirar documentos, formando filas desumanas, com pessoas dormindo ao relento, no sereno e na chuva.<\/p>\n<p>No min\u00fasculo espa\u00e7o onde funcionam v\u00e1rios \u00f3rg\u00e3os do Estado, a dificuldade para ser atendido \u00e9 imensa e as reclama\u00e7\u00f5es s\u00e3o constantes.<\/p>\n<p><a href=\"https:\/\/www.sudoestehoje.com.br\/novoportal\/wp-content\/uploads\/2020\/01\/fila-sac-1.jpg\"><img loading=\"lazy\" decoding=\"async\" class=\"aligncenter size-medium wp-image-84684\" src=\"https:\/\/www.sudoestehoje.com.br\/novoportal\/wp-content\/uploads\/2020\/01\/fila-sac-1-500x333.jpg\" alt=\"\" width=\"500\" height=\"333\" srcset=\"https:\/\/www.sudoestehoje.com.br\/novoportal\/wp-content\/uploads\/2020\/01\/fila-sac-1-500x333.jpg 500w, https:\/\/www.sudoestehoje.com.br\/novoportal\/wp-content\/uploads\/2020\/01\/fila-sac-1-768x512.jpg 768w, https:\/\/www.sudoestehoje.com.br\/novoportal\/wp-content\/uploads\/2020\/01\/fila-sac-1-700x467.jpg 700w, https:\/\/www.sudoestehoje.com.br\/novoportal\/wp-content\/uploads\/2020\/01\/fila-sac-1.jpg 960w\" sizes=\"auto, (max-width: 500px) 100vw, 500px\" \/><\/a><\/p>\n<p>Na verdade, o SAC de Itapetinga s\u00f3 funciona para atender as indica\u00e7\u00f5es pol\u00edticas do deputado Rosemberg Pinto (PT), que transformou o \u00f3rg\u00e3o em um verdadeiro cabide de empregos, onde privil\u00e9gios s\u00e3o distribu\u00eddos para quem &#8220;\u00e9 do grupo&#8221;.<\/p>\n<p>H\u00e1 informa\u00e7\u00f5es de que, das 30 fichas di\u00e1rias para dar entrada em Carteira de Habilita\u00e7\u00e3o, 5 s\u00e3o reservadas para um certo vereador, que trabalha com auto-escola.<\/p>\n<p><a href=\"https:\/\/www.sudoestehoje.com.br\/novoportal\/wp-content\/uploads\/2020\/01\/fila-SAC.jpg\"><img loading=\"lazy\" decoding=\"async\" class=\"aligncenter size-medium wp-image-84687\" src=\"https:\/\/www.sudoestehoje.com.br\/novoportal\/wp-content\/uploads\/2020\/01\/fila-SAC-500x375.jpg\" alt=\"\" width=\"500\" height=\"375\" srcset=\"https:\/\/www.sudoestehoje.com.br\/novoportal\/wp-content\/uploads\/2020\/01\/fila-SAC-500x375.jpg 500w, https:\/\/www.sudoestehoje.com.br\/novoportal\/wp-content\/uploads\/2020\/01\/fila-SAC-768x576.jpg 768w, https:\/\/www.sudoestehoje.com.br\/novoportal\/wp-content\/uploads\/2020\/01\/fila-SAC-700x525.jpg 700w, https:\/\/www.sudoestehoje.com.br\/novoportal\/wp-content\/uploads\/2020\/01\/fila-SAC.jpg 960w\" sizes=\"auto, (max-width: 500px) 100vw, 500px\" \/><\/a><\/p>\n<p>Na noite desta segunda (20), leitores do blog flagraram pessoas sentadas e deitadas na fila, para arriscarem um atendimento pela manh\u00e3. Tem gente que leva at\u00e9 barracas de camping, colch\u00f5es e cadeiras.<\/p>\n<p>\u00c9 a fila mais desumana da regi\u00e3o.<\/p>\n<p><strong><em>Por Davi Ferraz\u00a0\u00a0<\/em><\/strong><\/p>\n","protected":false},"excerpt":{"rendered":"<p>Inaugurado com pompa pelo governador Rui Costa e todo o seu staff pol\u00edtico, no final de 2017, o Ponto SAC de Itapetinga, conhecido por &#8220;Saquinho&#8221;, n\u00e3o atende \u00e0 demanda de quem quer tirar documentos, formando filas desumanas, com pessoas dormindo ao relento, no sereno e na chuva. No min\u00fasculo espa\u00e7o onde funcionam v\u00e1rios \u00f3rg\u00e3os do [&hellip;]<\/p>\n","protected":false},"author":2,"featured_media":84681,"comment_status":"open","ping_status":"open","sticky":false,"template":"","format":"standard","meta":{"footnotes":"","_links_to":"","_links_to_target":""},"categories":[1],"tags":[],"class_list":["post-84674","post","type-post","status-publish","format-standard","has-post-thumbnail","hentry","category-geral"],"views":927,"_links":{"self":[{"href":"https:\/\/www.sudoestehoje.com.br\/novoportal\/wp-json\/wp\/v2\/posts\/84674","targetHints":{"allow":["GET"]}}],"collection":[{"href":"https:\/\/www.sudoestehoje.com.br\/novoportal\/wp-json\/wp\/v2\/posts"}],"about":[{"href":"https:\/\/www.sudoestehoje.com.br\/novoportal\/wp-json\/wp\/v2\/types\/post"}],"author":[{"embeddable":true,"href":"https:\/\/www.sudoestehoje.com.br\/novoportal\/wp-json\/wp\/v2\/users\/2"}],"replies":[{"embeddable":true,"href":"https:\/\/www.sudoestehoje.com.br\/novoportal\/wp-json\/wp\/v2\/comments?post=84674"}],"version-history":[{"count":10,"href":"https:\/\/www.sudoestehoje.com.br\/novoportal\/wp-json\/wp\/v2\/posts\/84674\/revisions"}],"predecessor-version":[{"id":84700,"href":"https:\/\/www.sudoestehoje.com.br\/novoportal\/wp-json\/wp\/v2\/posts\/84674\/revisions\/84700"}],"wp:featuredmedia":[{"embeddable":true,"href":"https:\/\/www.sudoestehoje.com.br\/novoportal\/wp-json\/wp\/v2\/media\/84681"}],"wp:attachment":[{"href":"https:\/\/www.sudoestehoje.com.br\/novoportal\/wp-json\/wp\/v2\/media?parent=84674"}],"wp:term":[{"taxonomy":"category","embeddable":true,"href":"https:\/\/www.sudoestehoje.com.br\/novoportal\/wp-json\/wp\/v2\/categories?post=84674"},{"taxonomy":"post_tag","embeddable":true,"href":"https:\/\/www.sudoestehoje.com.br\/novoportal\/wp-json\/wp\/v2\/tags?post=84674"}],"curies":[{"name":"wp","href":"https:\/\/api.w.org\/{rel}","templated":true}]}}