
{"id":84665,"date":"2020-01-22T07:41:39","date_gmt":"2020-01-22T10:41:39","guid":{"rendered":"https:\/\/www.sudoestehoje.com.br\/novoportal\/?p=84665"},"modified":"2020-01-21T18:57:40","modified_gmt":"2020-01-21T21:57:40","slug":"regiao-prefeitos-que-aderiram-a-base-de-rui-costa-estao-arrependidos-e-de-pires-nas-maos","status":"publish","type":"post","link":"https:\/\/www.sudoestehoje.com.br\/novoportal\/2020\/01\/22\/regiao-prefeitos-que-aderiram-a-base-de-rui-costa-estao-arrependidos-e-de-pires-nas-maos\/","title":{"rendered":"REGI\u00c3O: PREFEITOS QUE ADERIRAM \u00c0 BASE DE RUI COSTA EST\u00c3O ARREPENDIDOS E DE PIRES NAS M\u00c3OS"},"content":{"rendered":"<p><a href=\"https:\/\/www.sudoestehoje.com.br\/novoportal\/wp-content\/uploads\/2020\/01\/rui-regi\u00e3o.jpeg\"><img loading=\"lazy\" decoding=\"async\" class=\"aligncenter size-medium wp-image-84667\" src=\"https:\/\/www.sudoestehoje.com.br\/novoportal\/wp-content\/uploads\/2020\/01\/rui-regi\u00e3o-500x265.jpeg\" alt=\"\" width=\"500\" height=\"265\" srcset=\"https:\/\/www.sudoestehoje.com.br\/novoportal\/wp-content\/uploads\/2020\/01\/rui-regi\u00e3o-500x265.jpeg 500w, https:\/\/www.sudoestehoje.com.br\/novoportal\/wp-content\/uploads\/2020\/01\/rui-regi\u00e3o-768x407.jpeg 768w, https:\/\/www.sudoestehoje.com.br\/novoportal\/wp-content\/uploads\/2020\/01\/rui-regi\u00e3o-700x371.jpeg 700w, https:\/\/www.sudoestehoje.com.br\/novoportal\/wp-content\/uploads\/2020\/01\/rui-regi\u00e3o.jpeg 1000w\" sizes=\"auto, (max-width: 500px) 100vw, 500px\" \/><\/a><\/p>\n<p>A maioria dos prefeitos do M\u00e9dio Sudoeste foi eleita por partidos de oposi\u00e7\u00e3o ao governo do estado, mas logo que assumiram seus mandatos, aderiram \u00e0 base de Rui Costa, na esperan\u00e7a de conseguirem melhorias para seus munic\u00edpios, cujas receitas s\u00e3o baix\u00edssimas.<\/p>\n<p>Ap\u00f3s tr\u00eas anos batendo de porta em porta, de secretaria em secretaria, o m\u00e1ximo que conseguiram foram promessas, enrola\u00e7\u00e3o de deputados e o famoso &#8216;<em>kit prefeito chato&#8217;<\/em> (bolas de futebol, redes de voleibol, camisetas), dados pela Sudesb. Os mais &#8220;prestigiados&#8221;, receberam, de caju em caju, uma ou duas ambul\u00e2ncias, em cerim\u00f4nia pomposa com a presen\u00e7a do governador.<\/p>\n<p>Itarantim, Itamb\u00e9, Macarani, Itoror\u00f3, Potiragu\u00e1, Maiquinique, Ribeir\u00e3o do Largo, Santa Cruz da Vit\u00f3ria e Nova Cana\u00e3 est\u00e3o passando por dificuldades, \u00e0 espera das promessas do governador, que nunca s\u00e3o cumpridas. As estradas da regi\u00e3o est\u00e3o acabadas e isto \u00e9 fator de revolta entre os prefeitos e a popula\u00e7\u00e3o.<\/p>\n<p>Caatiba, Ibicu\u00ed e Firmino Alves, cujos prefeitos foram eleitos pela base de Rui, tamb\u00e9m sofrem com a falta de verbas do governo. O prefeito de Igua\u00ed, que \u00e9 amig\u00e3o de Rosemberg, \u00e9 uma exce\u00e7\u00e3o: nada de bra\u00e7ada e se gaba por isto.<\/p>\n<p>O \u00fanico prefeito da regi\u00e3o que n\u00e3o aderiu ao governo foi\u00a0 o de Itapetinga, Rodrigo Hagge (MDB), mas sofreu duras cr\u00edticas pela sua corajosa atitude, por quem entregou a alma a Rui. Hoje \u00e9 reconhecido como o melhor gestor da regi\u00e3o, realizando obras com recursos pr\u00f3prios e verbas federais.<\/p>\n<p>Rodrigo tem a sua reelei\u00e7\u00e3o nas suas m\u00e3os e o munic\u00edpio deu um enorme salto no seu desenvolvimento, mesmo com o governador e alguns dos seus deputados querendo atrapalhar.<\/p>\n<p>Nas atuais circunst\u00e2ncias, n\u00e3o d\u00e1 mais para afirmar que fazer parte da base do governo \u00e9 bom neg\u00f3cio. H\u00e1 quem diga que foi<em> &#8220;um tiro no p\u00e9&#8221;.<\/em><\/p>\n<p>At\u00e9 2022, o &#8216;time dos arrependidos&#8217; deve formar o maior bloco pol\u00edtico da Bahia, com mais de 100 prefeitos e milhares de vereadores, todos revoltados e dispostos a votar contra o candidato do PT.<\/p>\n<p>Podem apostar!<\/p>\n<p><strong><em>Por Davi Ferraz<\/em><\/strong><\/p>\n","protected":false},"excerpt":{"rendered":"<p>A maioria dos prefeitos do M\u00e9dio Sudoeste foi eleita por partidos de oposi\u00e7\u00e3o ao governo do estado, mas logo que assumiram seus mandatos, aderiram \u00e0 base de Rui Costa, na esperan\u00e7a de conseguirem melhorias para seus munic\u00edpios, cujas receitas s\u00e3o baix\u00edssimas. Ap\u00f3s tr\u00eas anos batendo de porta em porta, de secretaria em secretaria, o m\u00e1ximo [&hellip;]<\/p>\n","protected":false},"author":2,"featured_media":84667,"comment_status":"open","ping_status":"open","sticky":false,"template":"","format":"standard","meta":{"footnotes":"","_links_to":"","_links_to_target":""},"categories":[1],"tags":[],"class_list":["post-84665","post","type-post","status-publish","format-standard","has-post-thumbnail","hentry","category-geral"],"views":784,"_links":{"self":[{"href":"https:\/\/www.sudoestehoje.com.br\/novoportal\/wp-json\/wp\/v2\/posts\/84665","targetHints":{"allow":["GET"]}}],"collection":[{"href":"https:\/\/www.sudoestehoje.com.br\/novoportal\/wp-json\/wp\/v2\/posts"}],"about":[{"href":"https:\/\/www.sudoestehoje.com.br\/novoportal\/wp-json\/wp\/v2\/types\/post"}],"author":[{"embeddable":true,"href":"https:\/\/www.sudoestehoje.com.br\/novoportal\/wp-json\/wp\/v2\/users\/2"}],"replies":[{"embeddable":true,"href":"https:\/\/www.sudoestehoje.com.br\/novoportal\/wp-json\/wp\/v2\/comments?post=84665"}],"version-history":[{"count":3,"href":"https:\/\/www.sudoestehoje.com.br\/novoportal\/wp-json\/wp\/v2\/posts\/84665\/revisions"}],"predecessor-version":[{"id":84673,"href":"https:\/\/www.sudoestehoje.com.br\/novoportal\/wp-json\/wp\/v2\/posts\/84665\/revisions\/84673"}],"wp:featuredmedia":[{"embeddable":true,"href":"https:\/\/www.sudoestehoje.com.br\/novoportal\/wp-json\/wp\/v2\/media\/84667"}],"wp:attachment":[{"href":"https:\/\/www.sudoestehoje.com.br\/novoportal\/wp-json\/wp\/v2\/media?parent=84665"}],"wp:term":[{"taxonomy":"category","embeddable":true,"href":"https:\/\/www.sudoestehoje.com.br\/novoportal\/wp-json\/wp\/v2\/categories?post=84665"},{"taxonomy":"post_tag","embeddable":true,"href":"https:\/\/www.sudoestehoje.com.br\/novoportal\/wp-json\/wp\/v2\/tags?post=84665"}],"curies":[{"name":"wp","href":"https:\/\/api.w.org\/{rel}","templated":true}]}}