
{"id":84649,"date":"2020-01-18T13:23:12","date_gmt":"2020-01-18T16:23:12","guid":{"rendered":"https:\/\/www.sudoestehoje.com.br\/novoportal\/?p=84649"},"modified":"2020-01-18T13:23:12","modified_gmt":"2020-01-18T16:23:12","slug":"governo-da-bahia-deve-passar-a-cobrar-por-agua-extraida-de-lencois-freaticos","status":"publish","type":"post","link":"https:\/\/www.sudoestehoje.com.br\/novoportal\/2020\/01\/18\/governo-da-bahia-deve-passar-a-cobrar-por-agua-extraida-de-lencois-freaticos\/","title":{"rendered":"GOVERNO DA BAHIA DEVE PASSAR A COBRAR POR \u00c1GUA EXTRA\u00cdDA DE LEN\u00c7\u00d3IS FRE\u00c1TICOS"},"content":{"rendered":"<p><a href=\"https:\/\/www.sudoestehoje.com.br\/novoportal\/wp-content\/uploads\/2020\/01\/AGUA-1.jpeg\"><img loading=\"lazy\" decoding=\"async\" class=\"aligncenter size-medium wp-image-84651\" src=\"https:\/\/www.sudoestehoje.com.br\/novoportal\/wp-content\/uploads\/2020\/01\/AGUA-1-500x375.jpeg\" alt=\"\" width=\"500\" height=\"375\" srcset=\"https:\/\/www.sudoestehoje.com.br\/novoportal\/wp-content\/uploads\/2020\/01\/AGUA-1-500x375.jpeg 500w, https:\/\/www.sudoestehoje.com.br\/novoportal\/wp-content\/uploads\/2020\/01\/AGUA-1-700x525.jpeg 700w, https:\/\/www.sudoestehoje.com.br\/novoportal\/wp-content\/uploads\/2020\/01\/AGUA-1.jpeg 750w\" sizes=\"auto, (max-width: 500px) 100vw, 500px\" \/><\/a><\/p>\n<p>Ap\u00f3s portaria baixada pelo Inema, no \u00faltimo dia 2, lideran\u00e7as da ind\u00fastria e do agroneg\u00f3cio foram avisadas que, a partir de 2020, o governo do estado deve come\u00e7ar a cobras as empresas pelo uso da \u00e1gua obtida por meio de capta\u00e7\u00e3o superficial e subterr\u00e2nea em toda a Bahia. As informa\u00e7\u00f5es s\u00e3o da coluna Sat\u00e9lite do jornal Correio*.<\/p>\n<p>Segundo a publica\u00e7\u00e3o, a medida vai impactar diretamente produtores do Oeste baiano e do polo de fruticultura de Juazeiro, al\u00e9m de duas grandes cervejarias instaladas em Alagoinhas (Heineken e Itaipava).<\/p>\n<p>A portaria do Inema obriga a instala\u00e7\u00e3o de hidr\u00f4metros para medir o volume de \u00e1gua captada de lagos artificiais e po\u00e7os tubulares para fins industriais ou de irriga\u00e7\u00e3o, cuja vaz\u00e3o supere 43,2 metros c\u00fabicos por dia.<\/p>\n<p>Atualmente, ningu\u00e9m paga pela \u00e1gua extra\u00edda de len\u00e7\u00f3is fre\u00e1ticos sob o dom\u00ednio do estado, por n\u00e3o existir uma legisla\u00e7\u00e3o espec\u00edfica. Em dezembro de 2017, por\u00e9m, o Conselho Estadual de Recursos H\u00eddricos (Conerh) aprovou uma resolu\u00e7\u00e3o que abre espa\u00e7o para a cobran\u00e7a. O governador Rui Costa, de acordo com a Sat\u00e9lite, deve assinar ano que vem um decreto que regulamente e medida.<\/p>\n","protected":false},"excerpt":{"rendered":"<p>Ap\u00f3s portaria baixada pelo Inema, no \u00faltimo dia 2, lideran\u00e7as da ind\u00fastria e do agroneg\u00f3cio foram avisadas que, a partir de 2020, o governo do estado deve come\u00e7ar a cobras as empresas pelo uso da \u00e1gua obtida por meio de capta\u00e7\u00e3o superficial e subterr\u00e2nea em toda a Bahia. As informa\u00e7\u00f5es s\u00e3o da coluna Sat\u00e9lite do [&hellip;]<\/p>\n","protected":false},"author":2,"featured_media":84651,"comment_status":"open","ping_status":"open","sticky":false,"template":"","format":"standard","meta":{"footnotes":"","_links_to":"","_links_to_target":""},"categories":[1],"tags":[],"class_list":["post-84649","post","type-post","status-publish","format-standard","has-post-thumbnail","hentry","category-geral"],"views":1106,"_links":{"self":[{"href":"https:\/\/www.sudoestehoje.com.br\/novoportal\/wp-json\/wp\/v2\/posts\/84649","targetHints":{"allow":["GET"]}}],"collection":[{"href":"https:\/\/www.sudoestehoje.com.br\/novoportal\/wp-json\/wp\/v2\/posts"}],"about":[{"href":"https:\/\/www.sudoestehoje.com.br\/novoportal\/wp-json\/wp\/v2\/types\/post"}],"author":[{"embeddable":true,"href":"https:\/\/www.sudoestehoje.com.br\/novoportal\/wp-json\/wp\/v2\/users\/2"}],"replies":[{"embeddable":true,"href":"https:\/\/www.sudoestehoje.com.br\/novoportal\/wp-json\/wp\/v2\/comments?post=84649"}],"version-history":[{"count":2,"href":"https:\/\/www.sudoestehoje.com.br\/novoportal\/wp-json\/wp\/v2\/posts\/84649\/revisions"}],"predecessor-version":[{"id":84652,"href":"https:\/\/www.sudoestehoje.com.br\/novoportal\/wp-json\/wp\/v2\/posts\/84649\/revisions\/84652"}],"wp:featuredmedia":[{"embeddable":true,"href":"https:\/\/www.sudoestehoje.com.br\/novoportal\/wp-json\/wp\/v2\/media\/84651"}],"wp:attachment":[{"href":"https:\/\/www.sudoestehoje.com.br\/novoportal\/wp-json\/wp\/v2\/media?parent=84649"}],"wp:term":[{"taxonomy":"category","embeddable":true,"href":"https:\/\/www.sudoestehoje.com.br\/novoportal\/wp-json\/wp\/v2\/categories?post=84649"},{"taxonomy":"post_tag","embeddable":true,"href":"https:\/\/www.sudoestehoje.com.br\/novoportal\/wp-json\/wp\/v2\/tags?post=84649"}],"curies":[{"name":"wp","href":"https:\/\/api.w.org\/{rel}","templated":true}]}}