
{"id":84640,"date":"2020-01-18T13:01:02","date_gmt":"2020-01-18T16:01:02","guid":{"rendered":"https:\/\/www.sudoestehoje.com.br\/novoportal\/?p=84640"},"modified":"2020-01-18T13:28:50","modified_gmt":"2020-01-18T16:28:50","slug":"caatiba-prefeita-tania-ribeiro-se-filia-ao-psd-e-reafirma-candidatura-a-reeleicao","status":"publish","type":"post","link":"https:\/\/www.sudoestehoje.com.br\/novoportal\/2020\/01\/18\/caatiba-prefeita-tania-ribeiro-se-filia-ao-psd-e-reafirma-candidatura-a-reeleicao\/","title":{"rendered":"CAATIBA: PREFEITA T\u00c2NIA RIBEIRO SE FILIA AO PSD E REAFIRMA CANDIDATURA \u00c0 REELEI\u00c7\u00c3O"},"content":{"rendered":"<p><a href=\"https:\/\/www.sudoestehoje.com.br\/novoportal\/wp-content\/uploads\/2020\/01\/FILIA-4.jpg\"><img loading=\"lazy\" decoding=\"async\" class=\"aligncenter size-medium wp-image-84644\" src=\"https:\/\/www.sudoestehoje.com.br\/novoportal\/wp-content\/uploads\/2020\/01\/FILIA-4-500x375.jpg\" alt=\"\" width=\"500\" height=\"375\" srcset=\"https:\/\/www.sudoestehoje.com.br\/novoportal\/wp-content\/uploads\/2020\/01\/FILIA-4-500x375.jpg 500w, https:\/\/www.sudoestehoje.com.br\/novoportal\/wp-content\/uploads\/2020\/01\/FILIA-4-768x576.jpg 768w, https:\/\/www.sudoestehoje.com.br\/novoportal\/wp-content\/uploads\/2020\/01\/FILIA-4-700x525.jpg 700w, https:\/\/www.sudoestehoje.com.br\/novoportal\/wp-content\/uploads\/2020\/01\/FILIA-4.jpg 1280w\" sizes=\"auto, (max-width: 500px) 100vw, 500px\" \/><\/a><\/p>\n<p>T\u00e2nia Ribeiro, nome confirmado para concorrer \u00e0 reelei\u00e7\u00e3o nas pr\u00f3ximas elei\u00e7\u00f5es municipais de 2020, realizou a mudan\u00e7a de partido na manh\u00e3 desta \u00faltima quarta-feira (15). Agora, filiada ao PSD (Partido Social Democr\u00e1tico), protagoniza uma nova fase no cen\u00e1rio pol\u00edtico no munic\u00edpio de Caatiba e come\u00e7a a articular a disputa a reelei\u00e7\u00e3o ao Pa\u00e7o Municipal para o cargo de Prefeita.<\/p>\n<p>Maria T\u00e2nia Ribeiro, atual chefe do \u00a0executivo municipal, antes filiada ao PL (Partido Liberal), aceitou essa transi\u00e7\u00e3o partid\u00e1ria ap\u00f3s convite do Senador Otto Alencar, presidente do PSD Bahia. O ato de filia\u00e7\u00e3o que ocorreu no gabinete do Senador Otto Alencar na Capital baiana, contou ainda com a presen\u00e7a do Deputado federal Jos\u00e9 Nunes (PSD), do Deputado estadual Adolfo Menezes (PSD), do Vice Prefeito Paulo Paiva (PL) e Gabriel Nunes.<\/p>\n<p>Essa alian\u00e7a partid\u00e1ria certamente trar\u00e1 uma nova e segura configura\u00e7\u00e3o na corrida eleitoral visto a s\u00f3lida base do PSD, partido que tem agregado for\u00e7as e representatividade de norte a sul da Bahia.<\/p>\n<p>Nessa atual conjuntura, a pr\u00e9-candidata a reelei\u00e7\u00e3o baseada no apoio do seu grupo pol\u00edtico que aposta mais uma vez no seu nome, coloca-se novamente a disposi\u00e7\u00e3o deixando claro suas reais possibilidades em concorrer ao cargo de prefeita para o pr\u00f3ximo pleito.<\/p>\n\n\t\t<style type=\"text\/css\">\n\t\t\t#gallery-1 {\n\t\t\t\tmargin: auto;\n\t\t\t}\n\t\t\t#gallery-1 .gallery-item {\n\t\t\t\tfloat: left;\n\t\t\t\tmargin-top: 10px;\n\t\t\t\ttext-align: center;\n\t\t\t\twidth: 33%;\n\t\t\t}\n\t\t\t#gallery-1 img {\n\t\t\t\tborder: 2px solid #cfcfcf;\n\t\t\t}\n\t\t\t#gallery-1 .gallery-caption {\n\t\t\t\tmargin-left: 0;\n\t\t\t}\n\t\t\t\/* see gallery_shortcode() in wp-includes\/media.php *\/\n\t\t<\/style>\n\t\t<div id='gallery-1' class='gallery galleryid-84640 gallery-columns-3 gallery-size-thumbnail'><dl class='gallery-item'>\n\t\t\t<dt class='gallery-icon portrait'>\n\t\t\t\t<a href='https:\/\/www.sudoestehoje.com.br\/novoportal\/2020\/01\/18\/caatiba-prefeita-tania-ribeiro-se-filia-ao-psd-e-reafirma-candidatura-a-reeleicao\/filia-3-2\/'><img loading=\"lazy\" decoding=\"async\" width=\"150\" height=\"150\" src=\"https:\/\/www.sudoestehoje.com.br\/novoportal\/wp-content\/uploads\/2020\/01\/FILIA-3-150x150.jpg\" class=\"attachment-thumbnail size-thumbnail\" alt=\"\" \/><\/a>\n\t\t\t<\/dt><\/dl><dl class='gallery-item'>\n\t\t\t<dt class='gallery-icon landscape'>\n\t\t\t\t<a href='https:\/\/www.sudoestehoje.com.br\/novoportal\/2020\/01\/18\/caatiba-prefeita-tania-ribeiro-se-filia-ao-psd-e-reafirma-candidatura-a-reeleicao\/filia-2-2\/'><img loading=\"lazy\" decoding=\"async\" width=\"150\" height=\"150\" src=\"https:\/\/www.sudoestehoje.com.br\/novoportal\/wp-content\/uploads\/2020\/01\/FILIA-2-150x150.jpg\" class=\"attachment-thumbnail size-thumbnail\" alt=\"\" \/><\/a>\n\t\t\t<\/dt><\/dl><dl class='gallery-item'>\n\t\t\t<dt class='gallery-icon landscape'>\n\t\t\t\t<a href='https:\/\/www.sudoestehoje.com.br\/novoportal\/2020\/01\/18\/caatiba-prefeita-tania-ribeiro-se-filia-ao-psd-e-reafirma-candidatura-a-reeleicao\/filia-1-2\/'><img loading=\"lazy\" decoding=\"async\" width=\"150\" height=\"150\" src=\"https:\/\/www.sudoestehoje.com.br\/novoportal\/wp-content\/uploads\/2020\/01\/FILIA-1-150x150.jpg\" class=\"attachment-thumbnail size-thumbnail\" alt=\"\" \/><\/a>\n\t\t\t<\/dt><\/dl><br style=\"clear: both\" \/>\n\t\t<\/div>\n\n","protected":false},"excerpt":{"rendered":"<p>T\u00e2nia Ribeiro, nome confirmado para concorrer \u00e0 reelei\u00e7\u00e3o nas pr\u00f3ximas elei\u00e7\u00f5es municipais de 2020, realizou a mudan\u00e7a de partido na manh\u00e3 desta \u00faltima quarta-feira (15). Agora, filiada ao PSD (Partido Social Democr\u00e1tico), protagoniza uma nova fase no cen\u00e1rio pol\u00edtico no munic\u00edpio de Caatiba e come\u00e7a a articular a disputa a reelei\u00e7\u00e3o ao Pa\u00e7o Municipal para [&hellip;]<\/p>\n","protected":false},"author":2,"featured_media":84641,"comment_status":"open","ping_status":"open","sticky":false,"template":"","format":"standard","meta":{"footnotes":"","_links_to":"","_links_to_target":""},"categories":[1],"tags":[],"class_list":["post-84640","post","type-post","status-publish","format-standard","has-post-thumbnail","hentry","category-geral"],"views":1036,"_links":{"self":[{"href":"https:\/\/www.sudoestehoje.com.br\/novoportal\/wp-json\/wp\/v2\/posts\/84640","targetHints":{"allow":["GET"]}}],"collection":[{"href":"https:\/\/www.sudoestehoje.com.br\/novoportal\/wp-json\/wp\/v2\/posts"}],"about":[{"href":"https:\/\/www.sudoestehoje.com.br\/novoportal\/wp-json\/wp\/v2\/types\/post"}],"author":[{"embeddable":true,"href":"https:\/\/www.sudoestehoje.com.br\/novoportal\/wp-json\/wp\/v2\/users\/2"}],"replies":[{"embeddable":true,"href":"https:\/\/www.sudoestehoje.com.br\/novoportal\/wp-json\/wp\/v2\/comments?post=84640"}],"version-history":[{"count":5,"href":"https:\/\/www.sudoestehoje.com.br\/novoportal\/wp-json\/wp\/v2\/posts\/84640\/revisions"}],"predecessor-version":[{"id":84653,"href":"https:\/\/www.sudoestehoje.com.br\/novoportal\/wp-json\/wp\/v2\/posts\/84640\/revisions\/84653"}],"wp:featuredmedia":[{"embeddable":true,"href":"https:\/\/www.sudoestehoje.com.br\/novoportal\/wp-json\/wp\/v2\/media\/84641"}],"wp:attachment":[{"href":"https:\/\/www.sudoestehoje.com.br\/novoportal\/wp-json\/wp\/v2\/media?parent=84640"}],"wp:term":[{"taxonomy":"category","embeddable":true,"href":"https:\/\/www.sudoestehoje.com.br\/novoportal\/wp-json\/wp\/v2\/categories?post=84640"},{"taxonomy":"post_tag","embeddable":true,"href":"https:\/\/www.sudoestehoje.com.br\/novoportal\/wp-json\/wp\/v2\/tags?post=84640"}],"curies":[{"name":"wp","href":"https:\/\/api.w.org\/{rel}","templated":true}]}}