
{"id":84632,"date":"2020-01-16T17:56:44","date_gmt":"2020-01-16T20:56:44","guid":{"rendered":"https:\/\/www.sudoestehoje.com.br\/novoportal\/?p=84632"},"modified":"2020-01-16T17:56:44","modified_gmt":"2020-01-16T20:56:44","slug":"pedido-de-geddel-de-progressao-para-o-semiaberto-e-encaminhado-para-a-pgr","status":"publish","type":"post","link":"https:\/\/www.sudoestehoje.com.br\/novoportal\/2020\/01\/16\/pedido-de-geddel-de-progressao-para-o-semiaberto-e-encaminhado-para-a-pgr\/","title":{"rendered":"PEDIDO DE GEDDEL DE PROGRESS\u00c3O PARA O SEMIABERTO \u00c9 ENCAMINHADO PARA A PGR"},"content":{"rendered":"<p><a href=\"https:\/\/www.sudoestehoje.com.br\/novoportal\/wp-content\/uploads\/2020\/01\/geddel.jpg\"><img loading=\"lazy\" decoding=\"async\" class=\"aligncenter size-medium wp-image-84633\" src=\"https:\/\/www.sudoestehoje.com.br\/novoportal\/wp-content\/uploads\/2020\/01\/geddel-500x350.jpg\" alt=\"\" width=\"500\" height=\"350\" srcset=\"https:\/\/www.sudoestehoje.com.br\/novoportal\/wp-content\/uploads\/2020\/01\/geddel-500x350.jpg 500w, https:\/\/www.sudoestehoje.com.br\/novoportal\/wp-content\/uploads\/2020\/01\/geddel.jpg 600w\" sizes=\"auto, (max-width: 500px) 100vw, 500px\" \/><\/a><\/p>\n<p>O presidente do Supremo Tribunal Federal (STF), Dias Toffoli, enviou para parecer da Procuradoria-Geral da Rep\u00fablica (PGR) um pedido do ex-ministro e ex-deputado Geddel Vieira Lima para progredir do regime fechado para o semiaberto. Ele est\u00e1 preso desde setembro de 2017 e atualmente encontra-se em um pres\u00eddio de Salvador.<\/p>\n<p>Geddel foi condenado, em outubro do ano passado, pela Segunda Turma da Supremo, a 14 anos e 10 meses de pris\u00e3o pelos crimes de lavagem de dinheiro e associa\u00e7\u00e3o criminosa no caso dos R$ 51 milh\u00f5es em esp\u00e9cie encontrados num apartamento de Salvador. A partir de ent\u00e3o, sua pris\u00e3o, que era preventiva, passou a contar para efeitos de cumprimento de pena.<\/p>\n<p>Ao Supremo, o advogado Gamil F\u00f6ppel, que representa Geddel, argumentou que seu cliente j\u00e1 preenche os requisitos necess\u00e1rios para progredir para o regime semiaberto: o cumprimento de ao menos um sexto da pena (29 meses) e o bom comportamento dentro da pris\u00e3o.<\/p>\n<p>Outro argumento \u00e9 o de que Geddel fez 17 cursos na pris\u00e3o, num total de 2.900 horas de estudo, de acordo com o advogado, o que resultaria na redu\u00e7\u00e3o de 241 dias de sua pena, conforme a legisla\u00e7\u00e3o. O ex-deputado fez capacita\u00e7\u00f5es nas mais diversas \u00e1reas, entre elas a de auxiliar de pedreiro, eletricista, vendedor, lavanderia hospitalar e direto penal e constitucional, entre outros.<\/p>\n<p>Mais quatro dias de pena devem ser subtra\u00eddos da pena devido \u00e0 leitura dos livros Intelig\u00eancia Emocional e Crime e Castigo, argumentou o advogado. Foi anexada tamb\u00e9m uma carta com a oferta de um emprego de auxiliar administrativo em uma distribuidora de combust\u00edveis de Salvador.<\/p>\n<p>A defesa queria que o pedido fosse apreciado durante o recesso judici\u00e1rio, em que Toffoli encontra-se respons\u00e1vel pelo plant\u00e3o judicial, mas o ministro determinou que, ao retornar da PGR, a solicita\u00e7\u00e3o seja encaminhada diretamente ao gabinete do relator do caso, Edson Fachin, que retorna aos trabalhos somente em fevereiro.<\/p>\n<p>Ex-ministro dos governos de Luiz In\u00e1cio Lula da Silva e Michel Temer, Geddel ainda responde a outros processos por corrup\u00e7\u00e3o na Justi\u00e7a Federal do Distrito Federal, relacionados a supostas irregularidades no per\u00edodo em que foi vice-presidente da Caixa Econ\u00f4mica Federal.<\/p>\n","protected":false},"excerpt":{"rendered":"<p>O presidente do Supremo Tribunal Federal (STF), Dias Toffoli, enviou para parecer da Procuradoria-Geral da Rep\u00fablica (PGR) um pedido do ex-ministro e ex-deputado Geddel Vieira Lima para progredir do regime fechado para o semiaberto. Ele est\u00e1 preso desde setembro de 2017 e atualmente encontra-se em um pres\u00eddio de Salvador. Geddel foi condenado, em outubro do [&hellip;]<\/p>\n","protected":false},"author":2,"featured_media":84633,"comment_status":"open","ping_status":"open","sticky":false,"template":"","format":"standard","meta":{"footnotes":"","_links_to":"","_links_to_target":""},"categories":[1],"tags":[],"class_list":["post-84632","post","type-post","status-publish","format-standard","has-post-thumbnail","hentry","category-geral"],"views":644,"_links":{"self":[{"href":"https:\/\/www.sudoestehoje.com.br\/novoportal\/wp-json\/wp\/v2\/posts\/84632","targetHints":{"allow":["GET"]}}],"collection":[{"href":"https:\/\/www.sudoestehoje.com.br\/novoportal\/wp-json\/wp\/v2\/posts"}],"about":[{"href":"https:\/\/www.sudoestehoje.com.br\/novoportal\/wp-json\/wp\/v2\/types\/post"}],"author":[{"embeddable":true,"href":"https:\/\/www.sudoestehoje.com.br\/novoportal\/wp-json\/wp\/v2\/users\/2"}],"replies":[{"embeddable":true,"href":"https:\/\/www.sudoestehoje.com.br\/novoportal\/wp-json\/wp\/v2\/comments?post=84632"}],"version-history":[{"count":1,"href":"https:\/\/www.sudoestehoje.com.br\/novoportal\/wp-json\/wp\/v2\/posts\/84632\/revisions"}],"predecessor-version":[{"id":84634,"href":"https:\/\/www.sudoestehoje.com.br\/novoportal\/wp-json\/wp\/v2\/posts\/84632\/revisions\/84634"}],"wp:featuredmedia":[{"embeddable":true,"href":"https:\/\/www.sudoestehoje.com.br\/novoportal\/wp-json\/wp\/v2\/media\/84633"}],"wp:attachment":[{"href":"https:\/\/www.sudoestehoje.com.br\/novoportal\/wp-json\/wp\/v2\/media?parent=84632"}],"wp:term":[{"taxonomy":"category","embeddable":true,"href":"https:\/\/www.sudoestehoje.com.br\/novoportal\/wp-json\/wp\/v2\/categories?post=84632"},{"taxonomy":"post_tag","embeddable":true,"href":"https:\/\/www.sudoestehoje.com.br\/novoportal\/wp-json\/wp\/v2\/tags?post=84632"}],"curies":[{"name":"wp","href":"https:\/\/api.w.org\/{rel}","templated":true}]}}