
{"id":84624,"date":"2020-01-16T16:50:32","date_gmt":"2020-01-16T19:50:32","guid":{"rendered":"https:\/\/www.sudoestehoje.com.br\/novoportal\/?p=84624"},"modified":"2020-01-16T17:40:27","modified_gmt":"2020-01-16T20:40:27","slug":"vereador-diga-diga-passa-vergonha-ao-escrever-termo-juridico-errado-em-grupo-do-whatsapp","status":"publish","type":"post","link":"https:\/\/www.sudoestehoje.com.br\/novoportal\/2020\/01\/16\/vereador-diga-diga-passa-vergonha-ao-escrever-termo-juridico-errado-em-grupo-do-whatsapp\/","title":{"rendered":"VEREADOR DIGA DIGA PASSA VERGONHA AO ESCREVER TERMO JUR\u00cdDICO ERRADO EM GRUPO DO WHATSAPP"},"content":{"rendered":"<p><a href=\"https:\/\/www.sudoestehoje.com.br\/novoportal\/wp-content\/uploads\/2020\/01\/diga-diga-oab.jpg\"><img loading=\"lazy\" decoding=\"async\" class=\"aligncenter size-medium wp-image-84625\" src=\"https:\/\/www.sudoestehoje.com.br\/novoportal\/wp-content\/uploads\/2020\/01\/diga-diga-oab-500x333.jpg\" alt=\"\" width=\"500\" height=\"333\" srcset=\"https:\/\/www.sudoestehoje.com.br\/novoportal\/wp-content\/uploads\/2020\/01\/diga-diga-oab-500x333.jpg 500w, https:\/\/www.sudoestehoje.com.br\/novoportal\/wp-content\/uploads\/2020\/01\/diga-diga-oab-700x467.jpg 700w, https:\/\/www.sudoestehoje.com.br\/novoportal\/wp-content\/uploads\/2020\/01\/diga-diga-oab.jpg 720w\" sizes=\"auto, (max-width: 500px) 100vw, 500px\" \/><\/a><\/p>\n<p>Nesta quinta-feira (16), durante uma discuss\u00e3o em um grupo do Whatsapp a respeito de uma mat\u00e9ria publicada pelo Sudoeste Hoje, o vereador <strong>Diga Diga<\/strong> foi duramente <strong>zoado<\/strong> pelos participantes, por escrever termo jur\u00eddico errado em um coment\u00e1rio seu.<\/p>\n<p>A mat\u00e9ria trata do arquivamento pelo Minist\u00e9rio P\u00fablico de uma den\u00fancia do nobre edil e outros colegas da oposi\u00e7\u00e3o contra a presidente da c\u00e2mara, quando o vereador DIGA DIGA, que \u00e9 formado em Direito, mas nunca passou na OAB, cravou essa<em> p\u00e9rola jur\u00eddica<\/em>: <strong><em>&#8220;Claro, pois ela foi obrigada a REINCIDIR e fazer licita\u00e7\u00e3o&#8230;&#8221;.<\/em><\/strong><\/p>\n<p>Pegou mal, pois o termo <strong><em>REINCIDIR<\/em><\/strong> \u00e9 utilizado apenas no Direito Penal e se refere a quem pratica crimes mais de uma vez, seja de forma gen\u00e9rica ou espec\u00edfica. No caso em tela, caberia a express\u00e3o <strong><em>RESCINDIR<\/em><\/strong>, que \u00e9 aplicada quando um contrato precisa ser desfeito.<\/p>\n<p>O <em><strong>&#8216;baxar\u00e9u&#8217;<\/strong><\/em> vai ter que estudar bastante, pois as quest\u00f5es do exame da OAB s\u00e3o bem mais complexas&#8230;<\/p>\n<p><strong><em>Por Davi Ferraz<\/em><\/strong><\/p>\n","protected":false},"excerpt":{"rendered":"<p>Nesta quinta-feira (16), durante uma discuss\u00e3o em um grupo do Whatsapp a respeito de uma mat\u00e9ria publicada pelo Sudoeste Hoje, o vereador Diga Diga foi duramente zoado pelos participantes, por escrever termo jur\u00eddico errado em um coment\u00e1rio seu. A mat\u00e9ria trata do arquivamento pelo Minist\u00e9rio P\u00fablico de uma den\u00fancia do nobre edil e outros colegas [&hellip;]<\/p>\n","protected":false},"author":2,"featured_media":84625,"comment_status":"open","ping_status":"open","sticky":false,"template":"","format":"standard","meta":{"footnotes":"","_links_to":"","_links_to_target":""},"categories":[1],"tags":[],"class_list":["post-84624","post","type-post","status-publish","format-standard","has-post-thumbnail","hentry","category-geral"],"views":740,"_links":{"self":[{"href":"https:\/\/www.sudoestehoje.com.br\/novoportal\/wp-json\/wp\/v2\/posts\/84624","targetHints":{"allow":["GET"]}}],"collection":[{"href":"https:\/\/www.sudoestehoje.com.br\/novoportal\/wp-json\/wp\/v2\/posts"}],"about":[{"href":"https:\/\/www.sudoestehoje.com.br\/novoportal\/wp-json\/wp\/v2\/types\/post"}],"author":[{"embeddable":true,"href":"https:\/\/www.sudoestehoje.com.br\/novoportal\/wp-json\/wp\/v2\/users\/2"}],"replies":[{"embeddable":true,"href":"https:\/\/www.sudoestehoje.com.br\/novoportal\/wp-json\/wp\/v2\/comments?post=84624"}],"version-history":[{"count":6,"href":"https:\/\/www.sudoestehoje.com.br\/novoportal\/wp-json\/wp\/v2\/posts\/84624\/revisions"}],"predecessor-version":[{"id":84631,"href":"https:\/\/www.sudoestehoje.com.br\/novoportal\/wp-json\/wp\/v2\/posts\/84624\/revisions\/84631"}],"wp:featuredmedia":[{"embeddable":true,"href":"https:\/\/www.sudoestehoje.com.br\/novoportal\/wp-json\/wp\/v2\/media\/84625"}],"wp:attachment":[{"href":"https:\/\/www.sudoestehoje.com.br\/novoportal\/wp-json\/wp\/v2\/media?parent=84624"}],"wp:term":[{"taxonomy":"category","embeddable":true,"href":"https:\/\/www.sudoestehoje.com.br\/novoportal\/wp-json\/wp\/v2\/categories?post=84624"},{"taxonomy":"post_tag","embeddable":true,"href":"https:\/\/www.sudoestehoje.com.br\/novoportal\/wp-json\/wp\/v2\/tags?post=84624"}],"curies":[{"name":"wp","href":"https:\/\/api.w.org\/{rel}","templated":true}]}}