
{"id":84620,"date":"2020-01-16T13:18:36","date_gmt":"2020-01-16T16:18:36","guid":{"rendered":"https:\/\/www.sudoestehoje.com.br\/novoportal\/?p=84620"},"modified":"2020-01-16T13:20:24","modified_gmt":"2020-01-16T16:20:24","slug":"brasilia-com-z-mecanico-e-preso-suspeito-de-falsificar-placa-de-carro-em-iguai","status":"publish","type":"post","link":"https:\/\/www.sudoestehoje.com.br\/novoportal\/2020\/01\/16\/brasilia-com-z-mecanico-e-preso-suspeito-de-falsificar-placa-de-carro-em-iguai\/","title":{"rendered":"BRAS\u00cdLIA COM Z: MEC\u00c2NICO \u00c9 PRESO SUSPEITO DE FALSIFICAR PLACA DE CARRO EM IGUA\u00cd"},"content":{"rendered":"<p><a href=\"https:\/\/www.sudoestehoje.com.br\/novoportal\/wp-content\/uploads\/2020\/01\/bras\u00edlia-com-z-pris\u00e3o-em-igua\u00ed-580x235.jpg\"><img loading=\"lazy\" decoding=\"async\" class=\"aligncenter size-medium wp-image-84621\" src=\"https:\/\/www.sudoestehoje.com.br\/novoportal\/wp-content\/uploads\/2020\/01\/bras\u00edlia-com-z-pris\u00e3o-em-igua\u00ed-580x235-500x203.jpg\" alt=\"\" width=\"500\" height=\"203\" srcset=\"https:\/\/www.sudoestehoje.com.br\/novoportal\/wp-content\/uploads\/2020\/01\/bras\u00edlia-com-z-pris\u00e3o-em-igua\u00ed-580x235-500x203.jpg 500w, https:\/\/www.sudoestehoje.com.br\/novoportal\/wp-content\/uploads\/2020\/01\/bras\u00edlia-com-z-pris\u00e3o-em-igua\u00ed-580x235.jpg 580w\" sizes=\"auto, (max-width: 500px) 100vw, 500px\" \/><\/a><\/p>\n<p>Um homem foi preso nesta quarta-feira (15), na cidade de Igua\u00ed, no sudoeste da Bahia, suspeito de falsificar a placa de um carro em que a cidade Bras\u00edlia aparece escrito com a letra Z e com o acento na vogal errada.<\/p>\n<p>Segundo informa\u00e7\u00f5es do delegado Moabe Macedo, o suspeito, que n\u00e3o teve a identidade revelada, foi abordado na Rua Arlindo Pires, ap\u00f3s policiais perceberem que a placa dianteira do carro em que ele pilotava tinha um erro de ortografia. Na placa, a cidade Bras\u00edlia estava escrito \u201cBrazil\u00eda-DF\u201d.<\/p>\n<p>Os policiais tamb\u00e9m constataram que o n\u00famero identificador do motor era diferente do que estava no documento do ve\u00edculo.<\/p>\n<p>De acordo com o delegado, o mec\u00e2nico tem uma oficina na cidade e era investigado pelos policiais por suspeita de adultera\u00e7\u00e3o de ve\u00edculos. O suspeito contou em depoimento que comprou o carro em Vit\u00f3ria da Conquista, por R$ 12 mil, e tamb\u00e9m deu mais um outro ve\u00edculo em troca. \/\/<em> Pimenta\/G1-BA<\/em><\/p>\n","protected":false},"excerpt":{"rendered":"<p>Um homem foi preso nesta quarta-feira (15), na cidade de Igua\u00ed, no sudoeste da Bahia, suspeito de falsificar a placa de um carro em que a cidade Bras\u00edlia aparece escrito com a letra Z e com o acento na vogal errada. Segundo informa\u00e7\u00f5es do delegado Moabe Macedo, o suspeito, que n\u00e3o teve a identidade revelada, [&hellip;]<\/p>\n","protected":false},"author":2,"featured_media":84621,"comment_status":"open","ping_status":"open","sticky":false,"template":"","format":"standard","meta":{"footnotes":"","_links_to":"","_links_to_target":""},"categories":[1],"tags":[],"class_list":["post-84620","post","type-post","status-publish","format-standard","has-post-thumbnail","hentry","category-geral"],"views":694,"_links":{"self":[{"href":"https:\/\/www.sudoestehoje.com.br\/novoportal\/wp-json\/wp\/v2\/posts\/84620","targetHints":{"allow":["GET"]}}],"collection":[{"href":"https:\/\/www.sudoestehoje.com.br\/novoportal\/wp-json\/wp\/v2\/posts"}],"about":[{"href":"https:\/\/www.sudoestehoje.com.br\/novoportal\/wp-json\/wp\/v2\/types\/post"}],"author":[{"embeddable":true,"href":"https:\/\/www.sudoestehoje.com.br\/novoportal\/wp-json\/wp\/v2\/users\/2"}],"replies":[{"embeddable":true,"href":"https:\/\/www.sudoestehoje.com.br\/novoportal\/wp-json\/wp\/v2\/comments?post=84620"}],"version-history":[{"count":1,"href":"https:\/\/www.sudoestehoje.com.br\/novoportal\/wp-json\/wp\/v2\/posts\/84620\/revisions"}],"predecessor-version":[{"id":84622,"href":"https:\/\/www.sudoestehoje.com.br\/novoportal\/wp-json\/wp\/v2\/posts\/84620\/revisions\/84622"}],"wp:featuredmedia":[{"embeddable":true,"href":"https:\/\/www.sudoestehoje.com.br\/novoportal\/wp-json\/wp\/v2\/media\/84621"}],"wp:attachment":[{"href":"https:\/\/www.sudoestehoje.com.br\/novoportal\/wp-json\/wp\/v2\/media?parent=84620"}],"wp:term":[{"taxonomy":"category","embeddable":true,"href":"https:\/\/www.sudoestehoje.com.br\/novoportal\/wp-json\/wp\/v2\/categories?post=84620"},{"taxonomy":"post_tag","embeddable":true,"href":"https:\/\/www.sudoestehoje.com.br\/novoportal\/wp-json\/wp\/v2\/tags?post=84620"}],"curies":[{"name":"wp","href":"https:\/\/api.w.org\/{rel}","templated":true}]}}