
{"id":84611,"date":"2020-01-15T19:17:12","date_gmt":"2020-01-15T22:17:12","guid":{"rendered":"https:\/\/www.sudoestehoje.com.br\/novoportal\/?p=84611"},"modified":"2020-01-15T19:17:12","modified_gmt":"2020-01-15T22:17:12","slug":"rui-costa-altera-texto-da-previdencia-e-cada-deputado-vai-receber-50-mil-para-analise","status":"publish","type":"post","link":"https:\/\/www.sudoestehoje.com.br\/novoportal\/2020\/01\/15\/rui-costa-altera-texto-da-previdencia-e-cada-deputado-vai-receber-50-mil-para-analise\/","title":{"rendered":"RUI COSTA ALTERA TEXTO DA PREVID\u00caNCIA E CADA DEPUTADO VAI RECEBER 50 MIL PARA &#8216;AN\u00c1LISE&#8217;"},"content":{"rendered":"<p><a href=\"https:\/\/www.sudoestehoje.com.br\/novoportal\/wp-content\/uploads\/2020\/01\/Rui-Costa-488x320.png\"><img loading=\"lazy\" decoding=\"async\" class=\"aligncenter  wp-image-84613\" src=\"https:\/\/www.sudoestehoje.com.br\/novoportal\/wp-content\/uploads\/2020\/01\/Rui-Costa-488x320.png\" alt=\"\" width=\"500\" height=\"328\" \/><\/a><\/p>\n<p>O Governo da Bahia mudou o texto da Proposta de Emenda \u00e0 Constitui\u00e7\u00e3o (PEC) que prev\u00ea a mudan\u00e7a da previd\u00eancia dos servidores p\u00fablicos. A vota\u00e7\u00e3o do texto da reforma foi suspensa na \u00faltima ter\u00e7a-feira (14), ap\u00f3s uma liminar do Tribunal de Justi\u00e7a da Bahia (TJ-BA).<\/p>\n<p>Com a mudan\u00e7a, est\u00e1 suspensa a vota\u00e7\u00e3o da PEC 158, que altera, entre outras coisas, o tempo de contribui\u00e7\u00e3o do servidor, aumentando em 5 anos para homens e em 7 para mulheres.<\/p>\n<p>A mudan\u00e7a do texto ocorreu\u00a0ap\u00f3s o protesto dos servidores, na \u00faltima segunda-feira (13), na frente da Assembleia Legislativa da Bahia (Alba), no Centro Administrativo, em Salvador. Na ocasi\u00e3o, funcion\u00e1rios declararam que seria iniciada uma \u201cguerra\u201d, caso Rui Costa n\u00e3o abrisse para di\u00e1logo.<\/p>\n<p>Durante o protesto,\u00a0policiais Civis e penitenci\u00e1rios amea\u00e7aram entrar em greve, caso a PEC fosse aprovada.<\/p>\n<p>Ap\u00f3s a altera\u00e7\u00e3o, o Governador Rui Costa tem um prazo para alinhar a reforma da previd\u00eancia nacional na Bahia. Caso o prazo n\u00e3o seja cumprido, o estado pode ficar sem receber o repasse de verba Federal. Com a mudan\u00e7a, Rui deve enviar nos pr\u00f3ximos dias o novo texto para a Alba.<\/p>\n<p>Para an\u00e1lise do novo texto, houve uma convoca\u00e7\u00e3o extraordin\u00e1ria e, com isso, cada um dos 63 deputados vai receber o valor extra de R$ 50 mil, sendo 50% referente a primeira convoca\u00e7\u00e3o e os outros R$ 25 mil para o final das vota\u00e7\u00f5es do projeto, devido ao recesso do Casa. Al\u00e9m disso, os deputados v\u00e3o receber o sal\u00e1rio do m\u00eas de janeiro. <em>\/\/Varela Not\u00edcias<\/em><\/p>\n","protected":false},"excerpt":{"rendered":"<p>O Governo da Bahia mudou o texto da Proposta de Emenda \u00e0 Constitui\u00e7\u00e3o (PEC) que prev\u00ea a mudan\u00e7a da previd\u00eancia dos servidores p\u00fablicos. A vota\u00e7\u00e3o do texto da reforma foi suspensa na \u00faltima ter\u00e7a-feira (14), ap\u00f3s uma liminar do Tribunal de Justi\u00e7a da Bahia (TJ-BA). Com a mudan\u00e7a, est\u00e1 suspensa a vota\u00e7\u00e3o da PEC 158, [&hellip;]<\/p>\n","protected":false},"author":2,"featured_media":84613,"comment_status":"open","ping_status":"open","sticky":false,"template":"","format":"standard","meta":{"footnotes":"","_links_to":"","_links_to_target":""},"categories":[1],"tags":[],"class_list":["post-84611","post","type-post","status-publish","format-standard","has-post-thumbnail","hentry","category-geral"],"views":725,"_links":{"self":[{"href":"https:\/\/www.sudoestehoje.com.br\/novoportal\/wp-json\/wp\/v2\/posts\/84611","targetHints":{"allow":["GET"]}}],"collection":[{"href":"https:\/\/www.sudoestehoje.com.br\/novoportal\/wp-json\/wp\/v2\/posts"}],"about":[{"href":"https:\/\/www.sudoestehoje.com.br\/novoportal\/wp-json\/wp\/v2\/types\/post"}],"author":[{"embeddable":true,"href":"https:\/\/www.sudoestehoje.com.br\/novoportal\/wp-json\/wp\/v2\/users\/2"}],"replies":[{"embeddable":true,"href":"https:\/\/www.sudoestehoje.com.br\/novoportal\/wp-json\/wp\/v2\/comments?post=84611"}],"version-history":[{"count":2,"href":"https:\/\/www.sudoestehoje.com.br\/novoportal\/wp-json\/wp\/v2\/posts\/84611\/revisions"}],"predecessor-version":[{"id":84614,"href":"https:\/\/www.sudoestehoje.com.br\/novoportal\/wp-json\/wp\/v2\/posts\/84611\/revisions\/84614"}],"wp:featuredmedia":[{"embeddable":true,"href":"https:\/\/www.sudoestehoje.com.br\/novoportal\/wp-json\/wp\/v2\/media\/84613"}],"wp:attachment":[{"href":"https:\/\/www.sudoestehoje.com.br\/novoportal\/wp-json\/wp\/v2\/media?parent=84611"}],"wp:term":[{"taxonomy":"category","embeddable":true,"href":"https:\/\/www.sudoestehoje.com.br\/novoportal\/wp-json\/wp\/v2\/categories?post=84611"},{"taxonomy":"post_tag","embeddable":true,"href":"https:\/\/www.sudoestehoje.com.br\/novoportal\/wp-json\/wp\/v2\/tags?post=84611"}],"curies":[{"name":"wp","href":"https:\/\/api.w.org\/{rel}","templated":true}]}}