
{"id":84594,"date":"2020-01-14T18:24:10","date_gmt":"2020-01-14T21:24:10","guid":{"rendered":"https:\/\/www.sudoestehoje.com.br\/novoportal\/?p=84594"},"modified":"2020-01-14T18:24:10","modified_gmt":"2020-01-14T21:24:10","slug":"governo-anuncia-salario-minimo-de-r-1-045-a-partir-de-fevereiro","status":"publish","type":"post","link":"https:\/\/www.sudoestehoje.com.br\/novoportal\/2020\/01\/14\/governo-anuncia-salario-minimo-de-r-1-045-a-partir-de-fevereiro\/","title":{"rendered":"GOVERNO ANUNCIA SAL\u00c1RIO M\u00cdNIMO DE R$ 1.045 A PARTIR DE FEVEREIRO"},"content":{"rendered":"<div class=\"mc-column content-text active-extra-styles active-capital-letter\" data-block-type=\"unstyled\" data-block-weight=\"33\" data-block-id=\"1\">\n<p data-track-category=\"Link no Texto\" data-track-links=\"\"><a href=\"https:\/\/www.sudoestehoje.com.br\/novoportal\/wp-content\/uploads\/2020\/01\/SM-2.jpg\"><img loading=\"lazy\" decoding=\"async\" class=\"aligncenter size-medium wp-image-84596\" src=\"https:\/\/www.sudoestehoje.com.br\/novoportal\/wp-content\/uploads\/2020\/01\/SM-2-500x304.jpg\" alt=\"\" width=\"500\" height=\"304\" srcset=\"https:\/\/www.sudoestehoje.com.br\/novoportal\/wp-content\/uploads\/2020\/01\/SM-2-500x304.jpg 500w, https:\/\/www.sudoestehoje.com.br\/novoportal\/wp-content\/uploads\/2020\/01\/SM-2.jpg 690w\" sizes=\"auto, (max-width: 500px) 100vw, 500px\" \/><\/a><\/p>\n<p class=\"content-text__container theme-color-primary-first-letter\" data-track-category=\"Link no Texto\" data-track-links=\"\">O presidente\u00a0Jair Bolsonaro\u00a0informou nesta ter\u00e7a-feira (14) que o governo reajustar\u00e1 o valor do sal\u00e1rio m\u00ednimo\u00a0de <strong>R$ 1.039<\/strong> para <strong>R$ 1.045<\/strong>. Segundo Bolsonaro, <strong>o valor valer\u00e1 partir de 1\u00ba de fevereiro<\/strong>.<\/p>\n<\/div>\n<div class=\"wall protected-content\">\n<div class=\"mc-column content-text active-extra-styles \" data-block-type=\"unstyled\" data-block-weight=\"44\" data-block-id=\"2\">\n<p class=\"content-text__container \" data-track-category=\"Link no Texto\" data-track-links=\"\">O an\u00fancio foi feito em uma entrevista coletiva na sede do Minist\u00e9rio da Economia, onde o presidente se reuniu com o ministro Paulo Guedes. Segundo Bolsonaro, o reajuste ser\u00e1 feito via medida provis\u00f3ria, ato que tem for\u00e7a de lei imediatamente.<\/p>\n<div class=\"mc-column content-text active-extra-styles \" data-block-type=\"unstyled\" data-block-weight=\"53\" data-block-id=\"4\">\n<p class=\"content-text__container \" data-track-category=\"Link no Texto\" data-track-links=\"\">O objetivo com a medida \u00e9 evitar perdas inflacion\u00e1rias. Isso porque, ao\u00a0fixar o valor do sal\u00e1rio m\u00ednimo em R$ 1.039, o governo se baseou na proje\u00e7\u00e3o do mercado financeiro para o \u00cdndice Nacional de Pre\u00e7os ao Consumidor do ano passado. O INPC serve de base para o c\u00e1lculo do sal\u00e1rio m\u00ednimo.<\/p>\n<\/div>\n<div class=\"mc-column content-text active-extra-styles \" data-block-type=\"unstyled\" data-block-weight=\"38\" data-block-id=\"5\">\n<p class=\"content-text__container \" data-track-category=\"Link no Texto\" data-track-links=\"\">Na semana passada, por\u00e9m, o Instituto Brasileiro de Geografia e Estat\u00edstica (IBGE) informou que\u00a0<a href=\"https:\/\/g1.globo.com\/economia\/noticia\/2020\/01\/10\/indice-que-reajusta-aposentadoria-de-quem-ganha-acima-do-minimo-fica-em-448percent-em-2019.ghtml\">o <\/a>INPC ficou em 4,48%, acima do percentual previsto. Com isso, na pr\u00e1tica,\u00a0o reajuste do m\u00ednimo para R$ 1.039 ficou abaixo da infla\u00e7\u00e3o.<\/p>\n<\/div>\n<\/div>\n<\/div>\n","protected":false},"excerpt":{"rendered":"<p>O presidente\u00a0Jair Bolsonaro\u00a0informou nesta ter\u00e7a-feira (14) que o governo reajustar\u00e1 o valor do sal\u00e1rio m\u00ednimo\u00a0de R$ 1.039 para R$ 1.045. Segundo Bolsonaro, o valor valer\u00e1 partir de 1\u00ba de fevereiro. O an\u00fancio foi feito em uma entrevista coletiva na sede do Minist\u00e9rio da Economia, onde o presidente se reuniu com o ministro Paulo Guedes. Segundo [&hellip;]<\/p>\n","protected":false},"author":2,"featured_media":84596,"comment_status":"open","ping_status":"open","sticky":false,"template":"","format":"standard","meta":{"footnotes":"","_links_to":"","_links_to_target":""},"categories":[1],"tags":[],"class_list":["post-84594","post","type-post","status-publish","format-standard","has-post-thumbnail","hentry","category-geral"],"views":745,"_links":{"self":[{"href":"https:\/\/www.sudoestehoje.com.br\/novoportal\/wp-json\/wp\/v2\/posts\/84594","targetHints":{"allow":["GET"]}}],"collection":[{"href":"https:\/\/www.sudoestehoje.com.br\/novoportal\/wp-json\/wp\/v2\/posts"}],"about":[{"href":"https:\/\/www.sudoestehoje.com.br\/novoportal\/wp-json\/wp\/v2\/types\/post"}],"author":[{"embeddable":true,"href":"https:\/\/www.sudoestehoje.com.br\/novoportal\/wp-json\/wp\/v2\/users\/2"}],"replies":[{"embeddable":true,"href":"https:\/\/www.sudoestehoje.com.br\/novoportal\/wp-json\/wp\/v2\/comments?post=84594"}],"version-history":[{"count":1,"href":"https:\/\/www.sudoestehoje.com.br\/novoportal\/wp-json\/wp\/v2\/posts\/84594\/revisions"}],"predecessor-version":[{"id":84597,"href":"https:\/\/www.sudoestehoje.com.br\/novoportal\/wp-json\/wp\/v2\/posts\/84594\/revisions\/84597"}],"wp:featuredmedia":[{"embeddable":true,"href":"https:\/\/www.sudoestehoje.com.br\/novoportal\/wp-json\/wp\/v2\/media\/84596"}],"wp:attachment":[{"href":"https:\/\/www.sudoestehoje.com.br\/novoportal\/wp-json\/wp\/v2\/media?parent=84594"}],"wp:term":[{"taxonomy":"category","embeddable":true,"href":"https:\/\/www.sudoestehoje.com.br\/novoportal\/wp-json\/wp\/v2\/categories?post=84594"},{"taxonomy":"post_tag","embeddable":true,"href":"https:\/\/www.sudoestehoje.com.br\/novoportal\/wp-json\/wp\/v2\/tags?post=84594"}],"curies":[{"name":"wp","href":"https:\/\/api.w.org\/{rel}","templated":true}]}}