
{"id":84584,"date":"2020-01-14T08:03:44","date_gmt":"2020-01-14T11:03:44","guid":{"rendered":"https:\/\/www.sudoestehoje.com.br\/novoportal\/?p=84584"},"modified":"2020-01-14T08:03:44","modified_gmt":"2020-01-14T11:03:44","slug":"apos-liminar-da-justica-rui-costa-retira-projeto-de-reforma-da-previdencia","status":"publish","type":"post","link":"https:\/\/www.sudoestehoje.com.br\/novoportal\/2020\/01\/14\/apos-liminar-da-justica-rui-costa-retira-projeto-de-reforma-da-previdencia\/","title":{"rendered":"AP\u00d3S LIMINAR DA JUSTI\u00c7A, RUI COSTA RETIRA PROJETO DE REFORMA DA PREVID\u00caNCIA"},"content":{"rendered":"<p><a href=\"https:\/\/www.sudoestehoje.com.br\/novoportal\/wp-content\/uploads\/2020\/01\/RUI-PREV.jpg\"><img loading=\"lazy\" decoding=\"async\" class=\"aligncenter size-medium wp-image-84586\" src=\"https:\/\/www.sudoestehoje.com.br\/novoportal\/wp-content\/uploads\/2020\/01\/RUI-PREV-500x300.jpg\" alt=\"\" width=\"500\" height=\"300\" srcset=\"https:\/\/www.sudoestehoje.com.br\/novoportal\/wp-content\/uploads\/2020\/01\/RUI-PREV-500x300.jpg 500w, https:\/\/www.sudoestehoje.com.br\/novoportal\/wp-content\/uploads\/2020\/01\/RUI-PREV-768x461.jpg 768w, https:\/\/www.sudoestehoje.com.br\/novoportal\/wp-content\/uploads\/2020\/01\/RUI-PREV-700x420.jpg 700w, https:\/\/www.sudoestehoje.com.br\/novoportal\/wp-content\/uploads\/2020\/01\/RUI-PREV.jpg 1086w\" sizes=\"auto, (max-width: 500px) 100vw, 500px\" \/><\/a><\/p>\n<p>O governador Rui Costa (PT) pediu para a Assembleia Legislativa da Bahia (AL-BA) retirar a reforma da Previd\u00eancia para servidores e policiais civis da pauta de vota\u00e7\u00e3o. O pleito do petista ocorre ap\u00f3s decis\u00e3o do Tribunal de Justi\u00e7a da Bahia (TJ-BA) que mandou suspender a aprecia\u00e7\u00e3o do texto (<a href=\"https:\/\/www.bahianoticias.com.br\/noticia\/243108-hilton-coelho-consegue-liminar-para-suspender-tramitacao-da-pec-da-previdencia-na-al-ba.html\" target=\"_blank\" rel=\"noopener noreferrer\">veja aqui<\/a>).<\/p>\n<p>&#8220;Solicito que sejam retirados de tramita\u00e7\u00e3o a Proposta de Emenda Constitucional n\u00ba 158\/2019 que modifica regras relativas ao Regime Pr\u00f3prio de Previd\u00eancia Social dos servidores p\u00fablicos civis do Estado da Bahia e d\u00e1 outras provid\u00eancias, e o Projeto de Lei n\u00ba 23.722\/2020, que altera a Lei n\u00ba 6.677, de 26 de setembro de 1994, e a Lei n\u00ba 11.357, de 06 de janeiro de 2009, e d\u00e1 outras provid\u00eancias\u201d, diz trecho do of\u00edcio publicado no Di\u00e1rio Oficial do Legislativo desta ter\u00e7a-feira (14).<\/p>\n<p>Com a mensagem, Rui retirou da pauta a PEC suspensa por liminar e o projeto de lei que alterava trechos do estatuto do regime de previd\u00eancia do estado.<\/p>\n","protected":false},"excerpt":{"rendered":"<p>O governador Rui Costa (PT) pediu para a Assembleia Legislativa da Bahia (AL-BA) retirar a reforma da Previd\u00eancia para servidores e policiais civis da pauta de vota\u00e7\u00e3o. O pleito do petista ocorre ap\u00f3s decis\u00e3o do Tribunal de Justi\u00e7a da Bahia (TJ-BA) que mandou suspender a aprecia\u00e7\u00e3o do texto (veja aqui). &#8220;Solicito que sejam retirados de [&hellip;]<\/p>\n","protected":false},"author":2,"featured_media":84586,"comment_status":"open","ping_status":"open","sticky":false,"template":"","format":"standard","meta":{"footnotes":"","_links_to":"","_links_to_target":""},"categories":[1],"tags":[],"class_list":["post-84584","post","type-post","status-publish","format-standard","has-post-thumbnail","hentry","category-geral"],"views":716,"_links":{"self":[{"href":"https:\/\/www.sudoestehoje.com.br\/novoportal\/wp-json\/wp\/v2\/posts\/84584","targetHints":{"allow":["GET"]}}],"collection":[{"href":"https:\/\/www.sudoestehoje.com.br\/novoportal\/wp-json\/wp\/v2\/posts"}],"about":[{"href":"https:\/\/www.sudoestehoje.com.br\/novoportal\/wp-json\/wp\/v2\/types\/post"}],"author":[{"embeddable":true,"href":"https:\/\/www.sudoestehoje.com.br\/novoportal\/wp-json\/wp\/v2\/users\/2"}],"replies":[{"embeddable":true,"href":"https:\/\/www.sudoestehoje.com.br\/novoportal\/wp-json\/wp\/v2\/comments?post=84584"}],"version-history":[{"count":2,"href":"https:\/\/www.sudoestehoje.com.br\/novoportal\/wp-json\/wp\/v2\/posts\/84584\/revisions"}],"predecessor-version":[{"id":84587,"href":"https:\/\/www.sudoestehoje.com.br\/novoportal\/wp-json\/wp\/v2\/posts\/84584\/revisions\/84587"}],"wp:featuredmedia":[{"embeddable":true,"href":"https:\/\/www.sudoestehoje.com.br\/novoportal\/wp-json\/wp\/v2\/media\/84586"}],"wp:attachment":[{"href":"https:\/\/www.sudoestehoje.com.br\/novoportal\/wp-json\/wp\/v2\/media?parent=84584"}],"wp:term":[{"taxonomy":"category","embeddable":true,"href":"https:\/\/www.sudoestehoje.com.br\/novoportal\/wp-json\/wp\/v2\/categories?post=84584"},{"taxonomy":"post_tag","embeddable":true,"href":"https:\/\/www.sudoestehoje.com.br\/novoportal\/wp-json\/wp\/v2\/tags?post=84584"}],"curies":[{"name":"wp","href":"https:\/\/api.w.org\/{rel}","templated":true}]}}