
{"id":84569,"date":"2020-01-12T18:40:48","date_gmt":"2020-01-12T21:40:48","guid":{"rendered":"https:\/\/www.sudoestehoje.com.br\/novoportal\/?p=84569"},"modified":"2020-01-12T18:40:48","modified_gmt":"2020-01-12T21:40:48","slug":"carlos-alberto-da-praca-e-nossa-e-internado-apos-ingerir-iogurte-vencido","status":"publish","type":"post","link":"https:\/\/www.sudoestehoje.com.br\/novoportal\/2020\/01\/12\/carlos-alberto-da-praca-e-nossa-e-internado-apos-ingerir-iogurte-vencido\/","title":{"rendered":"CARLOS ALBERTO DA &#8216;PRA\u00c7A \u00c9 NOSSA&#8217; \u00c9 INTERNADO AP\u00d3S INGERIR IOGURTE VENCIDO"},"content":{"rendered":"<p><a href=\"https:\/\/www.sudoestehoje.com.br\/novoportal\/wp-content\/uploads\/2020\/01\/carlos-alberto-nobrega-12-970x550.jpg\"><img loading=\"lazy\" decoding=\"async\" class=\"aligncenter size-medium wp-image-84570\" src=\"https:\/\/www.sudoestehoje.com.br\/novoportal\/wp-content\/uploads\/2020\/01\/carlos-alberto-nobrega-12-970x550-500x284.jpg\" alt=\"\" width=\"500\" height=\"284\" srcset=\"https:\/\/www.sudoestehoje.com.br\/novoportal\/wp-content\/uploads\/2020\/01\/carlos-alberto-nobrega-12-970x550-500x284.jpg 500w, https:\/\/www.sudoestehoje.com.br\/novoportal\/wp-content\/uploads\/2020\/01\/carlos-alberto-nobrega-12-970x550-768x435.jpg 768w, https:\/\/www.sudoestehoje.com.br\/novoportal\/wp-content\/uploads\/2020\/01\/carlos-alberto-nobrega-12-970x550-700x397.jpg 700w, https:\/\/www.sudoestehoje.com.br\/novoportal\/wp-content\/uploads\/2020\/01\/carlos-alberto-nobrega-12-970x550.jpg 970w\" sizes=\"auto, (max-width: 500px) 100vw, 500px\" \/><\/a><\/p>\n<p><a href=\"https:\/\/tudo-sobre.estadao.com.br\/carlos-alberto-de-nobrega\" target=\"_blank\" rel=\"noopener noreferrer\"><strong>Carlos Alberto de N\u00f3brega<\/strong><\/a>\u00a0foi encaminhado para o hospital S\u00edrio Liban\u00eas, em S\u00e3o Paulo, ap\u00f3s ser detectada\u00a0<strong>infec\u00e7\u00e3o generalizada<\/strong>.<\/p>\n<p>O apresentador de\u00a0<strong><em><a href=\"https:\/\/tudo-sobre.estadao.com.br\/a-praca-e-nossa\" target=\"_blank\" rel=\"noopener noreferrer\">A Pra\u00e7a \u00e9 Nossa<\/a><\/em><\/strong>, do\u00a0<a href=\"https:\/\/tudo-sobre.estadao.com.br\/sbt-sistema-brasileiro-de-televisao\" target=\"_blank\" rel=\"noopener noreferrer\">SBT<\/a>,\u00a0afirmou que, na quarta-feira, 8, tomou um\u00a0<strong>iogurte vencido<\/strong>\u00a0sem perceber e come\u00e7ou a passar mal. O consumo do produto atingiu o intestino e causou a infec\u00e7\u00e3o, de acordo com a equipe m\u00e9dica.<\/p>\n<p>\u201cOi, gente, \u00e9 o seguinte: hoje o assunto \u00e9 s\u00e9rio. Estou internado aqui no hospital S\u00edrio (Liban\u00eas) por uma infec\u00e7\u00e3o generalizada causada por uma\u00a0<strong>infec\u00e7\u00e3o intestinal<\/strong>\u00a0porque eu tomei, na quarta-feira, um iogurte e n\u00e3o reparei na validade. Isso \u00e9 uma coisa muito s\u00e9ria\u201d, desabafou o humorista em uma s\u00e9rie de v\u00eddeos no Instagram neste domingo, 12.<\/p>\n<p><a href=\"https:\/\/www.sudoestehoje.com.br\/novoportal\/wp-content\/uploads\/2020\/01\/carlos.jpg\"><img loading=\"lazy\" decoding=\"async\" class=\"aligncenter size-medium wp-image-84571\" src=\"https:\/\/www.sudoestehoje.com.br\/novoportal\/wp-content\/uploads\/2020\/01\/carlos-500x281.jpg\" alt=\"\" width=\"500\" height=\"281\" srcset=\"https:\/\/www.sudoestehoje.com.br\/novoportal\/wp-content\/uploads\/2020\/01\/carlos-500x281.jpg 500w, https:\/\/www.sudoestehoje.com.br\/novoportal\/wp-content\/uploads\/2020\/01\/carlos-768x432.jpg 768w, https:\/\/www.sudoestehoje.com.br\/novoportal\/wp-content\/uploads\/2020\/01\/carlos-700x394.jpg 700w, https:\/\/www.sudoestehoje.com.br\/novoportal\/wp-content\/uploads\/2020\/01\/carlos.jpg 990w\" sizes=\"auto, (max-width: 500px) 100vw, 500px\" \/><\/a><\/p>\n<p>\u201cVoc\u00ea tem que fazer o que eu n\u00e3o fiz. Quando for comprar qualquer produto, veja a validade. porque, \u00e0s vezes, voc\u00ea pode perder a sua vida por uma besteira, por uma irresponsabilidade de um comerciante que n\u00e3o se preocupa com as pessoas, com seus semelhantes.<\/p>\n<p>Para finalizar,\u00a0<strong>Carlos Alberto de N\u00f3brega<\/strong> disse que ainda n\u00e3o h\u00e1 previs\u00e3o de alta, mas que passa bem. \u201cEstou bem gra\u00e7as \u00e0 Deus, mas levei um susto muito grande. Vou ficar alguns dias internado aqui e, a partir de agora, certamente vou ver a validade at\u00e9&#8230;coitada da minha mulher que est\u00e1 pagando por isso (risos)\u201d, concluiu. <strong><em>\/\/Estad\u00e3o<\/em><\/strong><\/p>\n","protected":false},"excerpt":{"rendered":"<p>Carlos Alberto de N\u00f3brega\u00a0foi encaminhado para o hospital S\u00edrio Liban\u00eas, em S\u00e3o Paulo, ap\u00f3s ser detectada\u00a0infec\u00e7\u00e3o generalizada. O apresentador de\u00a0A Pra\u00e7a \u00e9 Nossa, do\u00a0SBT,\u00a0afirmou que, na quarta-feira, 8, tomou um\u00a0iogurte vencido\u00a0sem perceber e come\u00e7ou a passar mal. O consumo do produto atingiu o intestino e causou a infec\u00e7\u00e3o, de acordo com a equipe m\u00e9dica. \u201cOi, [&hellip;]<\/p>\n","protected":false},"author":2,"featured_media":84570,"comment_status":"open","ping_status":"open","sticky":false,"template":"","format":"standard","meta":{"footnotes":"","_links_to":"","_links_to_target":""},"categories":[1],"tags":[],"class_list":["post-84569","post","type-post","status-publish","format-standard","has-post-thumbnail","hentry","category-geral"],"views":948,"_links":{"self":[{"href":"https:\/\/www.sudoestehoje.com.br\/novoportal\/wp-json\/wp\/v2\/posts\/84569","targetHints":{"allow":["GET"]}}],"collection":[{"href":"https:\/\/www.sudoestehoje.com.br\/novoportal\/wp-json\/wp\/v2\/posts"}],"about":[{"href":"https:\/\/www.sudoestehoje.com.br\/novoportal\/wp-json\/wp\/v2\/types\/post"}],"author":[{"embeddable":true,"href":"https:\/\/www.sudoestehoje.com.br\/novoportal\/wp-json\/wp\/v2\/users\/2"}],"replies":[{"embeddable":true,"href":"https:\/\/www.sudoestehoje.com.br\/novoportal\/wp-json\/wp\/v2\/comments?post=84569"}],"version-history":[{"count":2,"href":"https:\/\/www.sudoestehoje.com.br\/novoportal\/wp-json\/wp\/v2\/posts\/84569\/revisions"}],"predecessor-version":[{"id":84573,"href":"https:\/\/www.sudoestehoje.com.br\/novoportal\/wp-json\/wp\/v2\/posts\/84569\/revisions\/84573"}],"wp:featuredmedia":[{"embeddable":true,"href":"https:\/\/www.sudoestehoje.com.br\/novoportal\/wp-json\/wp\/v2\/media\/84570"}],"wp:attachment":[{"href":"https:\/\/www.sudoestehoje.com.br\/novoportal\/wp-json\/wp\/v2\/media?parent=84569"}],"wp:term":[{"taxonomy":"category","embeddable":true,"href":"https:\/\/www.sudoestehoje.com.br\/novoportal\/wp-json\/wp\/v2\/categories?post=84569"},{"taxonomy":"post_tag","embeddable":true,"href":"https:\/\/www.sudoestehoje.com.br\/novoportal\/wp-json\/wp\/v2\/tags?post=84569"}],"curies":[{"name":"wp","href":"https:\/\/api.w.org\/{rel}","templated":true}]}}