
{"id":84549,"date":"2020-01-11T20:45:16","date_gmt":"2020-01-11T23:45:16","guid":{"rendered":"https:\/\/www.sudoestehoje.com.br\/novoportal\/?p=84549"},"modified":"2020-01-11T20:45:16","modified_gmt":"2020-01-11T23:45:16","slug":"ira-admite-que-derrubou-aviao-da-ucrania-por-erro-humano-173-pessoas-morreram","status":"publish","type":"post","link":"https:\/\/www.sudoestehoje.com.br\/novoportal\/2020\/01\/11\/ira-admite-que-derrubou-aviao-da-ucrania-por-erro-humano-173-pessoas-morreram\/","title":{"rendered":"IR\u00c3 ADMITE QUE DERRUBOU AVI\u00c3O DA UCR\u00c2NIA &#8216;POR ERRO HUMANO&#8217;; 173 PESSOAS MORRERAM"},"content":{"rendered":"<p><a href=\"https:\/\/www.sudoestehoje.com.br\/novoportal\/wp-content\/uploads\/2020\/01\/AVI\u00c3O-UCRANIA.jpg\"><img loading=\"lazy\" decoding=\"async\" class=\"aligncenter size-medium wp-image-84551\" src=\"https:\/\/www.sudoestehoje.com.br\/novoportal\/wp-content\/uploads\/2020\/01\/AVI\u00c3O-UCRANIA-500x300.jpg\" alt=\"\" width=\"500\" height=\"300\" srcset=\"https:\/\/www.sudoestehoje.com.br\/novoportal\/wp-content\/uploads\/2020\/01\/AVI\u00c3O-UCRANIA-500x300.jpg 500w, https:\/\/www.sudoestehoje.com.br\/novoportal\/wp-content\/uploads\/2020\/01\/AVI\u00c3O-UCRANIA-768x461.jpg 768w, https:\/\/www.sudoestehoje.com.br\/novoportal\/wp-content\/uploads\/2020\/01\/AVI\u00c3O-UCRANIA-700x420.jpg 700w, https:\/\/www.sudoestehoje.com.br\/novoportal\/wp-content\/uploads\/2020\/01\/AVI\u00c3O-UCRANIA.jpg 1086w\" sizes=\"auto, (max-width: 500px) 100vw, 500px\" \/><\/a><\/p>\n<p>Depois de dois dias de negativas, o Ir\u00e3 admitiu na manh\u00e3 deste s\u00e1bado em Teer\u00e3 (in\u00edcio da madrugada no Brasil) que derrubou &#8220;por erro humano&#8221; o Boeing 737-800 da Ukraine International Airlines que caiu perto de Teer\u00e3 na quarta-feira com 176 pessoas a bordo.<\/p>\n<p>Na quinta-feira, os governos dos Estados Unidos, do Canad\u00e1 e do Reino Unido haviam levantado essa possibilidade, citando informa\u00e7\u00f5es de intelig\u00eancia, e na sexta-feira o pr\u00f3prio governo da Ucr\u00e2nia afirmou ser essa uma das duas hip\u00f3teses que priorizava, al\u00e9m de um atentado.<\/p>\n<p>O presidente do Ir\u00e3, Hassan Rouhani, disse, pelo Twitter, que o pa\u00eds &#8220;lamenta profundamente&#8221; o incidente, que chamou de &#8220;grande trag\u00e9dia&#8221; e &#8220;erro imperdo\u00e1vel&#8221;. &#8220;A investiga\u00e7\u00e3o interna das For\u00e7as Armadas concluiu que lamentavelmente m\u00edsseis lan\u00e7ados por erro humano causaram o impacto terr\u00edvel no avi\u00e3o e a morte de 176 pessoas inocentes&#8221;, afirmou Rouhani.<\/p>\n<p>&#8220;Um dia triste. Conclus\u00f5es preliminares de uma investiga\u00e7\u00e3o interna das For\u00e7as Armadas: um erro humano em tempo de crise causada pelo aventureirismo americano levou ao desastre. Nossas profundas condol\u00eancias e pedidos de desculpas ao nosso povo, \u00e0s fam\u00edlias das v\u00edtimas e \u00e0s outras na\u00e7\u00f5es afetadas&#8221;, escreveu o chanceler do pa\u00eds, Javad Zarif, tamb\u00e9m pelo Twitter.<\/p>\n","protected":false},"excerpt":{"rendered":"<p>Depois de dois dias de negativas, o Ir\u00e3 admitiu na manh\u00e3 deste s\u00e1bado em Teer\u00e3 (in\u00edcio da madrugada no Brasil) que derrubou &#8220;por erro humano&#8221; o Boeing 737-800 da Ukraine International Airlines que caiu perto de Teer\u00e3 na quarta-feira com 176 pessoas a bordo. Na quinta-feira, os governos dos Estados Unidos, do Canad\u00e1 e do [&hellip;]<\/p>\n","protected":false},"author":2,"featured_media":84551,"comment_status":"open","ping_status":"open","sticky":false,"template":"","format":"standard","meta":{"footnotes":"","_links_to":"","_links_to_target":""},"categories":[1],"tags":[],"class_list":["post-84549","post","type-post","status-publish","format-standard","has-post-thumbnail","hentry","category-geral"],"views":807,"_links":{"self":[{"href":"https:\/\/www.sudoestehoje.com.br\/novoportal\/wp-json\/wp\/v2\/posts\/84549","targetHints":{"allow":["GET"]}}],"collection":[{"href":"https:\/\/www.sudoestehoje.com.br\/novoportal\/wp-json\/wp\/v2\/posts"}],"about":[{"href":"https:\/\/www.sudoestehoje.com.br\/novoportal\/wp-json\/wp\/v2\/types\/post"}],"author":[{"embeddable":true,"href":"https:\/\/www.sudoestehoje.com.br\/novoportal\/wp-json\/wp\/v2\/users\/2"}],"replies":[{"embeddable":true,"href":"https:\/\/www.sudoestehoje.com.br\/novoportal\/wp-json\/wp\/v2\/comments?post=84549"}],"version-history":[{"count":2,"href":"https:\/\/www.sudoestehoje.com.br\/novoportal\/wp-json\/wp\/v2\/posts\/84549\/revisions"}],"predecessor-version":[{"id":84552,"href":"https:\/\/www.sudoestehoje.com.br\/novoportal\/wp-json\/wp\/v2\/posts\/84549\/revisions\/84552"}],"wp:featuredmedia":[{"embeddable":true,"href":"https:\/\/www.sudoestehoje.com.br\/novoportal\/wp-json\/wp\/v2\/media\/84551"}],"wp:attachment":[{"href":"https:\/\/www.sudoestehoje.com.br\/novoportal\/wp-json\/wp\/v2\/media?parent=84549"}],"wp:term":[{"taxonomy":"category","embeddable":true,"href":"https:\/\/www.sudoestehoje.com.br\/novoportal\/wp-json\/wp\/v2\/categories?post=84549"},{"taxonomy":"post_tag","embeddable":true,"href":"https:\/\/www.sudoestehoje.com.br\/novoportal\/wp-json\/wp\/v2\/tags?post=84549"}],"curies":[{"name":"wp","href":"https:\/\/api.w.org\/{rel}","templated":true}]}}