
{"id":84506,"date":"2020-01-08T17:37:12","date_gmt":"2020-01-08T20:37:12","guid":{"rendered":"https:\/\/www.sudoestehoje.com.br\/novoportal\/?p=84506"},"modified":"2020-01-08T17:37:12","modified_gmt":"2020-01-08T20:37:12","slug":"itarantim-dudu-dos-tutas-consegue-apoios-importantes-para-ser-o-candidato-a-prefeito-das-oposicoes","status":"publish","type":"post","link":"https:\/\/www.sudoestehoje.com.br\/novoportal\/2020\/01\/08\/itarantim-dudu-dos-tutas-consegue-apoios-importantes-para-ser-o-candidato-a-prefeito-das-oposicoes\/","title":{"rendered":"ITARANTIM: DUDU DOS TUTAS CONSEGUE APOIOS IMPORTANTES PARA SER O CANDIDATO A PREFEITO DAS OPOSI\u00c7\u00d5ES"},"content":{"rendered":"<p><a href=\"https:\/\/www.sudoestehoje.com.br\/novoportal\/wp-content\/uploads\/2020\/01\/DUDU-E-CLAUDIO.jpg\"><img loading=\"lazy\" decoding=\"async\" class=\"aligncenter size-full wp-image-84507\" src=\"https:\/\/www.sudoestehoje.com.br\/novoportal\/wp-content\/uploads\/2020\/01\/DUDU-E-CLAUDIO.jpg\" alt=\"\" width=\"460\" height=\"429\" \/><\/a><\/p>\n<p>Nesta quarta-feira o vereador de Itarantim, Dudu dos Tutas (PL) deu um passo importante para ser o candidato a prefeito da oposi\u00e7\u00e3o.<\/p>\n<p>Ele se conseguiu o apoio de dois pr\u00e9-candidatos a prefeito. Cl\u00e1udio da Padaria e Magno Luciano (Vei) desistiram de ser candidato a prefeito e declararam apoio ao Dudu.<\/p>\n<p>Cl\u00e1udio da Padaria foi candidato a prefeito da cidade e teve mais de cinco mil votos. J\u00e1 Magno Luciano (Vei) j\u00e1 foi candidato a vice na chapa de Ricardo Souto, e teve quase 500 votos para vereador em 2012.<\/p>\n<p><a href=\"https:\/\/www.sudoestehoje.com.br\/novoportal\/wp-content\/uploads\/2020\/01\/DUDU-E-LUCIANO.jpg\"><img loading=\"lazy\" decoding=\"async\" class=\"aligncenter size-full wp-image-84508\" src=\"https:\/\/www.sudoestehoje.com.br\/novoportal\/wp-content\/uploads\/2020\/01\/DUDU-E-LUCIANO.jpg\" alt=\"\" width=\"455\" height=\"555\" \/><\/a><\/p>\n<p>Nesta articula\u00e7\u00e3o Dudu dos Tutas se fortalece para assumir o legado eleitoral deixado pelo ex-candidato F\u00e1bio Gusm\u00e3o (PSD), que liderava todas as pesquisas, mas desistiu de ser candidato.<\/p>\n<p>O pr\u00f3ximo passo \u00e9 reunir com o pr\u00e9-candidato Eduardo Almeida (PP) e definir um crit\u00e9rio e prazo para anunciar quem ser\u00e1 o candidato a prefeito da oposi\u00e7\u00e3o. <em>\/\/Pol\u00edticos do Sul da Bahia<\/em><\/p>\n","protected":false},"excerpt":{"rendered":"<p>Nesta quarta-feira o vereador de Itarantim, Dudu dos Tutas (PL) deu um passo importante para ser o candidato a prefeito da oposi\u00e7\u00e3o. Ele se conseguiu o apoio de dois pr\u00e9-candidatos a prefeito. Cl\u00e1udio da Padaria e Magno Luciano (Vei) desistiram de ser candidato a prefeito e declararam apoio ao Dudu. Cl\u00e1udio da Padaria foi candidato [&hellip;]<\/p>\n","protected":false},"author":2,"featured_media":84507,"comment_status":"open","ping_status":"open","sticky":false,"template":"","format":"standard","meta":{"footnotes":"","_links_to":"","_links_to_target":""},"categories":[1],"tags":[],"class_list":["post-84506","post","type-post","status-publish","format-standard","has-post-thumbnail","hentry","category-geral"],"views":1086,"_links":{"self":[{"href":"https:\/\/www.sudoestehoje.com.br\/novoportal\/wp-json\/wp\/v2\/posts\/84506","targetHints":{"allow":["GET"]}}],"collection":[{"href":"https:\/\/www.sudoestehoje.com.br\/novoportal\/wp-json\/wp\/v2\/posts"}],"about":[{"href":"https:\/\/www.sudoestehoje.com.br\/novoportal\/wp-json\/wp\/v2\/types\/post"}],"author":[{"embeddable":true,"href":"https:\/\/www.sudoestehoje.com.br\/novoportal\/wp-json\/wp\/v2\/users\/2"}],"replies":[{"embeddable":true,"href":"https:\/\/www.sudoestehoje.com.br\/novoportal\/wp-json\/wp\/v2\/comments?post=84506"}],"version-history":[{"count":1,"href":"https:\/\/www.sudoestehoje.com.br\/novoportal\/wp-json\/wp\/v2\/posts\/84506\/revisions"}],"predecessor-version":[{"id":84509,"href":"https:\/\/www.sudoestehoje.com.br\/novoportal\/wp-json\/wp\/v2\/posts\/84506\/revisions\/84509"}],"wp:featuredmedia":[{"embeddable":true,"href":"https:\/\/www.sudoestehoje.com.br\/novoportal\/wp-json\/wp\/v2\/media\/84507"}],"wp:attachment":[{"href":"https:\/\/www.sudoestehoje.com.br\/novoportal\/wp-json\/wp\/v2\/media?parent=84506"}],"wp:term":[{"taxonomy":"category","embeddable":true,"href":"https:\/\/www.sudoestehoje.com.br\/novoportal\/wp-json\/wp\/v2\/categories?post=84506"},{"taxonomy":"post_tag","embeddable":true,"href":"https:\/\/www.sudoestehoje.com.br\/novoportal\/wp-json\/wp\/v2\/tags?post=84506"}],"curies":[{"name":"wp","href":"https:\/\/api.w.org\/{rel}","templated":true}]}}