
{"id":84502,"date":"2020-01-08T17:20:03","date_gmt":"2020-01-08T20:20:03","guid":{"rendered":"https:\/\/www.sudoestehoje.com.br\/novoportal\/?p=84502"},"modified":"2020-01-08T17:20:03","modified_gmt":"2020-01-08T20:20:03","slug":"itapetinga-confirma-atendimentos-na-policlinica-regional-em-conquista","status":"publish","type":"post","link":"https:\/\/www.sudoestehoje.com.br\/novoportal\/2020\/01\/08\/itapetinga-confirma-atendimentos-na-policlinica-regional-em-conquista\/","title":{"rendered":"ITAPETINGA CONFIRMA ATENDIMENTOS NA POLICL\u00cdNICA REGIONAL EM CONQUISTA"},"content":{"rendered":"<p><a href=\"https:\/\/www.sudoestehoje.com.br\/novoportal\/wp-content\/uploads\/2020\/01\/policlinica_geral.jpeg\"><img loading=\"lazy\" decoding=\"async\" class=\"aligncenter size-medium wp-image-84504\" src=\"https:\/\/www.sudoestehoje.com.br\/novoportal\/wp-content\/uploads\/2020\/01\/policlinica_geral-500x333.jpeg\" alt=\"\" width=\"500\" height=\"333\" srcset=\"https:\/\/www.sudoestehoje.com.br\/novoportal\/wp-content\/uploads\/2020\/01\/policlinica_geral-500x333.jpeg 500w, https:\/\/www.sudoestehoje.com.br\/novoportal\/wp-content\/uploads\/2020\/01\/policlinica_geral-768x511.jpeg 768w, https:\/\/www.sudoestehoje.com.br\/novoportal\/wp-content\/uploads\/2020\/01\/policlinica_geral-700x466.jpeg 700w, https:\/\/www.sudoestehoje.com.br\/novoportal\/wp-content\/uploads\/2020\/01\/policlinica_geral.jpeg 1280w\" sizes=\"auto, (max-width: 500px) 100vw, 500px\" \/><\/a><\/p>\n<p>Depois de muita pol\u00eamica o prefeito Rodrigo Hagge Costa, do Movimento Democr\u00e1tico Brasileiro, retomou os atendimentos do Munic\u00edpio de Itapetinga na Polic\u00edclica Regional de Sa\u00fade da Regi\u00e3o de Vit\u00f3ria da Conquista e Itapetinga.<\/p>\n<p><em>\u201cRodrigo Hagge \u00e9 um prefeito jovem e comprometido com aos seus mun\u00edcipes e sem d\u00favidas ele fez a melhor op\u00e7\u00e3o que \u00e9 ter os servi\u00e7os da Policl\u00ednica no Munic\u00edpio de Itapetinga\u201d,<\/em>\u00a0comentou o prefeito de Belo Campo, Jos\u00e9 Henrique Silva Tigre, do Partido Social Democr\u00e1tico, que \u00e9 presidente do Cons\u00f3rcio P\u00fablico Interfederativo de Sa\u00fade da Regi\u00e3o de Vit\u00f3ria da Conquista e Itapetinga.<\/p>\n<p>Sendo assim, desde a segunda-feira (6) os Pacientes Itapetinguenses est\u00e3o com os seus atendimentos reservados. <em>\/\/Blog do Anderson<\/em><\/p>\n","protected":false},"excerpt":{"rendered":"<p>Depois de muita pol\u00eamica o prefeito Rodrigo Hagge Costa, do Movimento Democr\u00e1tico Brasileiro, retomou os atendimentos do Munic\u00edpio de Itapetinga na Polic\u00edclica Regional de Sa\u00fade da Regi\u00e3o de Vit\u00f3ria da Conquista e Itapetinga. \u201cRodrigo Hagge \u00e9 um prefeito jovem e comprometido com aos seus mun\u00edcipes e sem d\u00favidas ele fez a melhor op\u00e7\u00e3o que \u00e9 [&hellip;]<\/p>\n","protected":false},"author":2,"featured_media":84504,"comment_status":"open","ping_status":"open","sticky":false,"template":"","format":"standard","meta":{"footnotes":"","_links_to":"","_links_to_target":""},"categories":[1],"tags":[],"class_list":["post-84502","post","type-post","status-publish","format-standard","has-post-thumbnail","hentry","category-geral"],"views":988,"_links":{"self":[{"href":"https:\/\/www.sudoestehoje.com.br\/novoportal\/wp-json\/wp\/v2\/posts\/84502","targetHints":{"allow":["GET"]}}],"collection":[{"href":"https:\/\/www.sudoestehoje.com.br\/novoportal\/wp-json\/wp\/v2\/posts"}],"about":[{"href":"https:\/\/www.sudoestehoje.com.br\/novoportal\/wp-json\/wp\/v2\/types\/post"}],"author":[{"embeddable":true,"href":"https:\/\/www.sudoestehoje.com.br\/novoportal\/wp-json\/wp\/v2\/users\/2"}],"replies":[{"embeddable":true,"href":"https:\/\/www.sudoestehoje.com.br\/novoportal\/wp-json\/wp\/v2\/comments?post=84502"}],"version-history":[{"count":2,"href":"https:\/\/www.sudoestehoje.com.br\/novoportal\/wp-json\/wp\/v2\/posts\/84502\/revisions"}],"predecessor-version":[{"id":84505,"href":"https:\/\/www.sudoestehoje.com.br\/novoportal\/wp-json\/wp\/v2\/posts\/84502\/revisions\/84505"}],"wp:featuredmedia":[{"embeddable":true,"href":"https:\/\/www.sudoestehoje.com.br\/novoportal\/wp-json\/wp\/v2\/media\/84504"}],"wp:attachment":[{"href":"https:\/\/www.sudoestehoje.com.br\/novoportal\/wp-json\/wp\/v2\/media?parent=84502"}],"wp:term":[{"taxonomy":"category","embeddable":true,"href":"https:\/\/www.sudoestehoje.com.br\/novoportal\/wp-json\/wp\/v2\/categories?post=84502"},{"taxonomy":"post_tag","embeddable":true,"href":"https:\/\/www.sudoestehoje.com.br\/novoportal\/wp-json\/wp\/v2\/tags?post=84502"}],"curies":[{"name":"wp","href":"https:\/\/api.w.org\/{rel}","templated":true}]}}