
{"id":84485,"date":"2020-01-05T18:34:22","date_gmt":"2020-01-05T21:34:22","guid":{"rendered":"https:\/\/www.sudoestehoje.com.br\/novoportal\/?p=84485"},"modified":"2020-01-05T20:45:37","modified_gmt":"2020-01-05T23:45:37","slug":"delator-da-lava-jato-promete-entregar-coisas-pesadas-de-rui-e-wagner","status":"publish","type":"post","link":"https:\/\/www.sudoestehoje.com.br\/novoportal\/2020\/01\/05\/delator-da-lava-jato-promete-entregar-coisas-pesadas-de-rui-e-wagner\/","title":{"rendered":"VEJA: DELATOR DA LAVA JATO PROMETE ENTREGAR &#8220;COISAS PESADAS&#8221; DE RUI E WAGNER"},"content":{"rendered":"<div><a href=\"https:\/\/www.sudoestehoje.com.br\/novoportal\/wp-content\/uploads\/2020\/01\/rui-e-wagner.jpg\"><img loading=\"lazy\" decoding=\"async\" class=\"aligncenter size-medium wp-image-84486\" src=\"https:\/\/www.sudoestehoje.com.br\/novoportal\/wp-content\/uploads\/2020\/01\/rui-e-wagner-500x281.jpg\" alt=\"\" width=\"500\" height=\"281\" srcset=\"https:\/\/www.sudoestehoje.com.br\/novoportal\/wp-content\/uploads\/2020\/01\/rui-e-wagner-500x281.jpg 500w, https:\/\/www.sudoestehoje.com.br\/novoportal\/wp-content\/uploads\/2020\/01\/rui-e-wagner-768x431.jpg 768w, https:\/\/www.sudoestehoje.com.br\/novoportal\/wp-content\/uploads\/2020\/01\/rui-e-wagner-700x393.jpg 700w, https:\/\/www.sudoestehoje.com.br\/novoportal\/wp-content\/uploads\/2020\/01\/rui-e-wagner.jpg 890w\" sizes=\"auto, (max-width: 500px) 100vw, 500px\" \/><\/a><\/div>\n<div>\n<p>Um novo delator, no \u00e2mbito da Opera\u00e7\u00e3o Lava Jato, promete entregar \u00e0 pol\u00edcia informa\u00e7\u00f5es que comprometem o senador pela Bahia Jaques Wagner e o governador do estado, Rui Costa, ambos do PT.<\/p>\n<p>De acordo com a coluna Radar, da revista Veja, as &#8220;coisas pesadas&#8221;, como a nota definiu, diz respeito a assuntos da \u00e9poca da constru\u00e7\u00e3o da sede da Petrobras em Salvador.<\/p>\n<p>A dela\u00e7\u00e3o sairia nos pr\u00f3ximos meses.<\/p>\n<p><strong>&#8220;Tranquilo&#8221;<\/strong><\/p>\n<p>Por meio de nota enviada \u00e0 coluna, a Secretaria de Comunica\u00e7\u00e3o do governo disse que o conte\u00fado &#8220;n\u00e3o apresenta nenhuma informa\u00e7\u00e3o concreta&#8221; e que Rui &#8220;est\u00e1 tranquilo em rela\u00e7\u00e3o a qualquer tipo de dela\u00e7\u00e3o sobre qualquer que seja o tema&#8221;.<\/p>\n<p><em>&#8220;A Secretaria de Comunica\u00e7\u00e3o Social (Secom) considera irrespons\u00e1vel a nota da coluna Radar, da Veja, sobre uma suposta dela\u00e7\u00e3o contra o governador Rui Costa. Sem qualquer apura\u00e7\u00e3o jornal\u00edstica, o referido ve\u00edculo faz circular um conte\u00fado que n\u00e3o apresenta nenhuma informa\u00e7\u00e3o concreta.<\/em><\/p>\n<p><em>A Secom acrescenta que o governador Rui Costa est\u00e1 tranquilo em rela\u00e7\u00e3o a qualquer tipo de dela\u00e7\u00e3o sobre qualquer\u00a0<\/em><em>que seja o tema&#8221;. \/\/BNews<\/em><\/p>\n<\/div>\n","protected":false},"excerpt":{"rendered":"<p>Um novo delator, no \u00e2mbito da Opera\u00e7\u00e3o Lava Jato, promete entregar \u00e0 pol\u00edcia informa\u00e7\u00f5es que comprometem o senador pela Bahia Jaques Wagner e o governador do estado, Rui Costa, ambos do PT. De acordo com a coluna Radar, da revista Veja, as &#8220;coisas pesadas&#8221;, como a nota definiu, diz respeito a assuntos da \u00e9poca da [&hellip;]<\/p>\n","protected":false},"author":2,"featured_media":84486,"comment_status":"open","ping_status":"open","sticky":false,"template":"","format":"standard","meta":{"footnotes":"","_links_to":"","_links_to_target":""},"categories":[1],"tags":[],"class_list":["post-84485","post","type-post","status-publish","format-standard","has-post-thumbnail","hentry","category-geral"],"views":710,"_links":{"self":[{"href":"https:\/\/www.sudoestehoje.com.br\/novoportal\/wp-json\/wp\/v2\/posts\/84485","targetHints":{"allow":["GET"]}}],"collection":[{"href":"https:\/\/www.sudoestehoje.com.br\/novoportal\/wp-json\/wp\/v2\/posts"}],"about":[{"href":"https:\/\/www.sudoestehoje.com.br\/novoportal\/wp-json\/wp\/v2\/types\/post"}],"author":[{"embeddable":true,"href":"https:\/\/www.sudoestehoje.com.br\/novoportal\/wp-json\/wp\/v2\/users\/2"}],"replies":[{"embeddable":true,"href":"https:\/\/www.sudoestehoje.com.br\/novoportal\/wp-json\/wp\/v2\/comments?post=84485"}],"version-history":[{"count":4,"href":"https:\/\/www.sudoestehoje.com.br\/novoportal\/wp-json\/wp\/v2\/posts\/84485\/revisions"}],"predecessor-version":[{"id":84490,"href":"https:\/\/www.sudoestehoje.com.br\/novoportal\/wp-json\/wp\/v2\/posts\/84485\/revisions\/84490"}],"wp:featuredmedia":[{"embeddable":true,"href":"https:\/\/www.sudoestehoje.com.br\/novoportal\/wp-json\/wp\/v2\/media\/84486"}],"wp:attachment":[{"href":"https:\/\/www.sudoestehoje.com.br\/novoportal\/wp-json\/wp\/v2\/media?parent=84485"}],"wp:term":[{"taxonomy":"category","embeddable":true,"href":"https:\/\/www.sudoestehoje.com.br\/novoportal\/wp-json\/wp\/v2\/categories?post=84485"},{"taxonomy":"post_tag","embeddable":true,"href":"https:\/\/www.sudoestehoje.com.br\/novoportal\/wp-json\/wp\/v2\/tags?post=84485"}],"curies":[{"name":"wp","href":"https:\/\/api.w.org\/{rel}","templated":true}]}}