
{"id":84479,"date":"2020-01-05T16:40:58","date_gmt":"2020-01-05T19:40:58","guid":{"rendered":"https:\/\/www.sudoestehoje.com.br\/novoportal\/?p=84479"},"modified":"2020-01-05T19:49:43","modified_gmt":"2020-01-05T22:49:43","slug":"rui-costa-e-submetido-a-cirurgia-em-sao-paulo-para-retirar-nodulo-e-passa-bem","status":"publish","type":"post","link":"https:\/\/www.sudoestehoje.com.br\/novoportal\/2020\/01\/05\/rui-costa-e-submetido-a-cirurgia-em-sao-paulo-para-retirar-nodulo-e-passa-bem\/","title":{"rendered":"RUI COSTA \u00c9 SUBMETIDO A CIRURGIA EM S\u00c3O PAULO PARA RETIRAR N\u00d3DULO E PASSA BEM"},"content":{"rendered":"<p><a href=\"https:\/\/www.sudoestehoje.com.br\/novoportal\/wp-content\/uploads\/2020\/01\/RUI-CIRURGIA.jpg\"><img loading=\"lazy\" decoding=\"async\" class=\"aligncenter size-medium wp-image-84481\" src=\"https:\/\/www.sudoestehoje.com.br\/novoportal\/wp-content\/uploads\/2020\/01\/RUI-CIRURGIA-500x343.jpg\" alt=\"\" width=\"500\" height=\"343\" srcset=\"https:\/\/www.sudoestehoje.com.br\/novoportal\/wp-content\/uploads\/2020\/01\/RUI-CIRURGIA-500x343.jpg 500w, https:\/\/www.sudoestehoje.com.br\/novoportal\/wp-content\/uploads\/2020\/01\/RUI-CIRURGIA.jpg 600w\" sizes=\"auto, (max-width: 500px) 100vw, 500px\" \/><\/a><\/p>\n<p>O governador da Bahia, Rui Costa (PT), foi submetido, na manh\u00e3 deste domingo (5), a uma cirurgia no Hospital S\u00edrio Liban\u00eas, em S\u00e3o Paulo. A informa\u00e7\u00e3o foi confirmada pela Secretaria de Comunica\u00e7\u00e3o do Governo da Bahia.<\/p>\n<p>De acordo com o secret\u00e1rio Estadual da Sa\u00fade, F\u00e1bio Vilas-Boas, que acompanha o governador, a cirurgia foi realizada para a retirada de um n\u00f3dulo mam\u00e1rio e ginecomastia, identificados durante investiga\u00e7\u00e3o no m\u00eas de dezembro passado.<\/p>\n<p>Ainda de acordo com Vilas-Boas, embora n\u00e3o houvesse qualquer indica\u00e7\u00e3o de malignidade, os m\u00e9dicos optaram pela retirada bilateral das duas gl\u00e2ndulas mam\u00e1rias, procedimento que ocorreu com normalidade.<\/p>\n<p>O cirurgi\u00e3o pl\u00e1stico do Hospital S\u00edrio Liban\u00eas, Marcelo Sampaio, informou que Rui Costa passa bem e est\u00e1 em plena recupera\u00e7\u00e3o. O governador est\u00e1 acompanhado da primeira-dama, Aline Peixoto, e da filha mais velha.<\/p>\n","protected":false},"excerpt":{"rendered":"<p>O governador da Bahia, Rui Costa (PT), foi submetido, na manh\u00e3 deste domingo (5), a uma cirurgia no Hospital S\u00edrio Liban\u00eas, em S\u00e3o Paulo. A informa\u00e7\u00e3o foi confirmada pela Secretaria de Comunica\u00e7\u00e3o do Governo da Bahia. De acordo com o secret\u00e1rio Estadual da Sa\u00fade, F\u00e1bio Vilas-Boas, que acompanha o governador, a cirurgia foi realizada para [&hellip;]<\/p>\n","protected":false},"author":2,"featured_media":84481,"comment_status":"open","ping_status":"open","sticky":false,"template":"","format":"standard","meta":{"footnotes":"","_links_to":"","_links_to_target":""},"categories":[1],"tags":[],"class_list":["post-84479","post","type-post","status-publish","format-standard","has-post-thumbnail","hentry","category-geral"],"views":694,"_links":{"self":[{"href":"https:\/\/www.sudoestehoje.com.br\/novoportal\/wp-json\/wp\/v2\/posts\/84479","targetHints":{"allow":["GET"]}}],"collection":[{"href":"https:\/\/www.sudoestehoje.com.br\/novoportal\/wp-json\/wp\/v2\/posts"}],"about":[{"href":"https:\/\/www.sudoestehoje.com.br\/novoportal\/wp-json\/wp\/v2\/types\/post"}],"author":[{"embeddable":true,"href":"https:\/\/www.sudoestehoje.com.br\/novoportal\/wp-json\/wp\/v2\/users\/2"}],"replies":[{"embeddable":true,"href":"https:\/\/www.sudoestehoje.com.br\/novoportal\/wp-json\/wp\/v2\/comments?post=84479"}],"version-history":[{"count":3,"href":"https:\/\/www.sudoestehoje.com.br\/novoportal\/wp-json\/wp\/v2\/posts\/84479\/revisions"}],"predecessor-version":[{"id":84483,"href":"https:\/\/www.sudoestehoje.com.br\/novoportal\/wp-json\/wp\/v2\/posts\/84479\/revisions\/84483"}],"wp:featuredmedia":[{"embeddable":true,"href":"https:\/\/www.sudoestehoje.com.br\/novoportal\/wp-json\/wp\/v2\/media\/84481"}],"wp:attachment":[{"href":"https:\/\/www.sudoestehoje.com.br\/novoportal\/wp-json\/wp\/v2\/media?parent=84479"}],"wp:term":[{"taxonomy":"category","embeddable":true,"href":"https:\/\/www.sudoestehoje.com.br\/novoportal\/wp-json\/wp\/v2\/categories?post=84479"},{"taxonomy":"post_tag","embeddable":true,"href":"https:\/\/www.sudoestehoje.com.br\/novoportal\/wp-json\/wp\/v2\/tags?post=84479"}],"curies":[{"name":"wp","href":"https:\/\/api.w.org\/{rel}","templated":true}]}}