
{"id":84472,"date":"2020-01-04T21:05:28","date_gmt":"2020-01-05T00:05:28","guid":{"rendered":"https:\/\/www.sudoestehoje.com.br\/novoportal\/?p=84472"},"modified":"2020-01-04T21:05:28","modified_gmt":"2020-01-05T00:05:28","slug":"itapetinga-sonoplasta-roberto-som-sofre-acidente-de-moto-na-buraqueira-da-estrada-de-macarani","status":"publish","type":"post","link":"https:\/\/www.sudoestehoje.com.br\/novoportal\/2020\/01\/04\/itapetinga-sonoplasta-roberto-som-sofre-acidente-de-moto-na-buraqueira-da-estrada-de-macarani\/","title":{"rendered":"ITAPETINGA: SONOPLASTA ROBERTO SOM SOFRE ACIDENTE DE MOTO NA BURAQUEIRA DA ESTRADA DE MACARANI"},"content":{"rendered":"<p><a href=\"https:\/\/www.sudoestehoje.com.br\/novoportal\/wp-content\/uploads\/2020\/01\/roberto-som-1.jpg\"><img loading=\"lazy\" decoding=\"async\" class=\"aligncenter size-medium wp-image-84475\" src=\"https:\/\/www.sudoestehoje.com.br\/novoportal\/wp-content\/uploads\/2020\/01\/roberto-som-1-500x375.jpg\" alt=\"\" width=\"500\" height=\"375\" srcset=\"https:\/\/www.sudoestehoje.com.br\/novoportal\/wp-content\/uploads\/2020\/01\/roberto-som-1-500x375.jpg 500w, https:\/\/www.sudoestehoje.com.br\/novoportal\/wp-content\/uploads\/2020\/01\/roberto-som-1-768x576.jpg 768w, https:\/\/www.sudoestehoje.com.br\/novoportal\/wp-content\/uploads\/2020\/01\/roberto-som-1-700x525.jpg 700w, https:\/\/www.sudoestehoje.com.br\/novoportal\/wp-content\/uploads\/2020\/01\/roberto-som-1.jpg 960w\" sizes=\"auto, (max-width: 500px) 100vw, 500px\" \/><\/a><\/p>\n<p>Na manh\u00e3 deste s\u00e1bado (4), o conhecido sonoplasta Roberto Som foi mais uma v\u00edtima do p\u00e9ssimo estado da BA-270, no trecho entre Itapetinga e Macarani, totalmente abandonado pelo governo do estado.<\/p>\n<p>Segundo relatos, Roberto Som trafegava pela rodovia, quando se deparou com um buraco na pista, perdendo o controle da moto e caindo no meio da da rodovia.<\/p>\n<p>Roberto foi socorrido pelo Samu 192 e encaminhado para o Hospital de Base em Vit\u00f3ria da Conquista (HGVC), com escoria\u00e7\u00f5es por todo o corpo e suspeita de traumatismo craniano.<\/p>\n<p><a href=\"https:\/\/www.sudoestehoje.com.br\/novoportal\/wp-content\/uploads\/2020\/01\/roberto-som-5.jpg\"><img loading=\"lazy\" decoding=\"async\" class=\"aligncenter size-medium wp-image-84477\" src=\"https:\/\/www.sudoestehoje.com.br\/novoportal\/wp-content\/uploads\/2020\/01\/roberto-som-5-500x469.jpg\" alt=\"\" width=\"500\" height=\"469\" srcset=\"https:\/\/www.sudoestehoje.com.br\/novoportal\/wp-content\/uploads\/2020\/01\/roberto-som-5-500x469.jpg 500w, https:\/\/www.sudoestehoje.com.br\/novoportal\/wp-content\/uploads\/2020\/01\/roberto-som-5.jpg 576w\" sizes=\"auto, (max-width: 500px) 100vw, 500px\" \/><\/a><\/p>\n<p>A recupera\u00e7\u00e3o da BA-270 \u00e9 uma das mais importantes demandas da regi\u00e3o e vem sendo objeto de sucessivas promessas do governador Rui Costa e seus imprest\u00e1veis deputados com base pol\u00edtica em Itapetinga e regi\u00e3o.<\/p>\n<p>Roberto Som \u00e9 pessoa conhecida e muito querida em Itapetinga.<\/p>\n<p><strong><em>Por Davi Ferraz<\/em><\/strong><\/p>\n","protected":false},"excerpt":{"rendered":"<p>Na manh\u00e3 deste s\u00e1bado (4), o conhecido sonoplasta Roberto Som foi mais uma v\u00edtima do p\u00e9ssimo estado da BA-270, no trecho entre Itapetinga e Macarani, totalmente abandonado pelo governo do estado. Segundo relatos, Roberto Som trafegava pela rodovia, quando se deparou com um buraco na pista, perdendo o controle da moto e caindo no meio [&hellip;]<\/p>\n","protected":false},"author":2,"featured_media":84477,"comment_status":"open","ping_status":"open","sticky":false,"template":"","format":"standard","meta":{"footnotes":"","_links_to":"","_links_to_target":""},"categories":[1],"tags":[],"class_list":["post-84472","post","type-post","status-publish","format-standard","has-post-thumbnail","hentry","category-geral"],"views":1369,"_links":{"self":[{"href":"https:\/\/www.sudoestehoje.com.br\/novoportal\/wp-json\/wp\/v2\/posts\/84472","targetHints":{"allow":["GET"]}}],"collection":[{"href":"https:\/\/www.sudoestehoje.com.br\/novoportal\/wp-json\/wp\/v2\/posts"}],"about":[{"href":"https:\/\/www.sudoestehoje.com.br\/novoportal\/wp-json\/wp\/v2\/types\/post"}],"author":[{"embeddable":true,"href":"https:\/\/www.sudoestehoje.com.br\/novoportal\/wp-json\/wp\/v2\/users\/2"}],"replies":[{"embeddable":true,"href":"https:\/\/www.sudoestehoje.com.br\/novoportal\/wp-json\/wp\/v2\/comments?post=84472"}],"version-history":[{"count":3,"href":"https:\/\/www.sudoestehoje.com.br\/novoportal\/wp-json\/wp\/v2\/posts\/84472\/revisions"}],"predecessor-version":[{"id":84478,"href":"https:\/\/www.sudoestehoje.com.br\/novoportal\/wp-json\/wp\/v2\/posts\/84472\/revisions\/84478"}],"wp:featuredmedia":[{"embeddable":true,"href":"https:\/\/www.sudoestehoje.com.br\/novoportal\/wp-json\/wp\/v2\/media\/84477"}],"wp:attachment":[{"href":"https:\/\/www.sudoestehoje.com.br\/novoportal\/wp-json\/wp\/v2\/media?parent=84472"}],"wp:term":[{"taxonomy":"category","embeddable":true,"href":"https:\/\/www.sudoestehoje.com.br\/novoportal\/wp-json\/wp\/v2\/categories?post=84472"},{"taxonomy":"post_tag","embeddable":true,"href":"https:\/\/www.sudoestehoje.com.br\/novoportal\/wp-json\/wp\/v2\/tags?post=84472"}],"curies":[{"name":"wp","href":"https:\/\/api.w.org\/{rel}","templated":true}]}}