
{"id":84467,"date":"2020-01-03T20:37:38","date_gmt":"2020-01-03T23:37:38","guid":{"rendered":"https:\/\/www.sudoestehoje.com.br\/novoportal\/?p=84467"},"modified":"2020-01-05T19:52:02","modified_gmt":"2020-01-05T22:52:02","slug":"regiao-heraldo-rocha-mantem-intensao-de-disputar-prefeitura-de-macarani-estou-costurando","status":"publish","type":"post","link":"https:\/\/www.sudoestehoje.com.br\/novoportal\/2020\/01\/03\/regiao-heraldo-rocha-mantem-intensao-de-disputar-prefeitura-de-macarani-estou-costurando\/","title":{"rendered":"REGI\u00c3O: HERALDO ROCHA MANT\u00c9M INTEN\u00c7\u00c3O DE DISPUTAR PREFEITURA DE MACARANI: &#8220;ESTOU COSTURANDO&#8221;"},"content":{"rendered":"<p><a href=\"https:\/\/www.sudoestehoje.com.br\/novoportal\/wp-content\/uploads\/2020\/01\/heraldo.jpg\"><img loading=\"lazy\" decoding=\"async\" class=\"aligncenter  wp-image-84470\" src=\"https:\/\/www.sudoestehoje.com.br\/novoportal\/wp-content\/uploads\/2020\/01\/heraldo.jpg\" alt=\"\" width=\"501\" height=\"271\" \/><\/a><\/p>\n<p>O ex-deputado estadual Heraldo Rocha (DEM) mant\u00e9m a possibilidade de disputar a prefeitura de Macarani (620 km de Salvador), no nordeste da Bahia. A especula\u00e7\u00e3o existe desde o in\u00edcio do ano passado, mas o martelo ainda n\u00e3o foi batido.<\/p>\n<p>\u201cMeu nome tem despontado bem na pesquisa espont\u00e2nea. Mas n\u00e3o sou candidato de mim mesmo, dependo do apoio das lideran\u00e7as. Estou costurando. Se der, tudo bem, seria uma experi\u00eancia de vida. O munic\u00edpio est\u00e1 muito mal gerenciado\u201d, disse.<\/p>\n<p>M\u00e9dico, Rocha j\u00e1 teve cinco mandatos na Assembleia Legislativa da Bahia (AL-BA) e presidiu o diret\u00f3rio municipal do Democratas nos \u00faltimos anos.<strong><em> \/\/Pol\u00edtica Livre<\/em><\/strong><\/p>\n","protected":false},"excerpt":{"rendered":"<p>O ex-deputado estadual Heraldo Rocha (DEM) mant\u00e9m a possibilidade de disputar a prefeitura de Macarani (620 km de Salvador), no nordeste da Bahia. A especula\u00e7\u00e3o existe desde o in\u00edcio do ano passado, mas o martelo ainda n\u00e3o foi batido. \u201cMeu nome tem despontado bem na pesquisa espont\u00e2nea. Mas n\u00e3o sou candidato de mim mesmo, dependo [&hellip;]<\/p>\n","protected":false},"author":2,"featured_media":84470,"comment_status":"open","ping_status":"open","sticky":false,"template":"","format":"standard","meta":{"footnotes":"","_links_to":"","_links_to_target":""},"categories":[1],"tags":[],"class_list":["post-84467","post","type-post","status-publish","format-standard","has-post-thumbnail","hentry","category-geral"],"views":732,"_links":{"self":[{"href":"https:\/\/www.sudoestehoje.com.br\/novoportal\/wp-json\/wp\/v2\/posts\/84467","targetHints":{"allow":["GET"]}}],"collection":[{"href":"https:\/\/www.sudoestehoje.com.br\/novoportal\/wp-json\/wp\/v2\/posts"}],"about":[{"href":"https:\/\/www.sudoestehoje.com.br\/novoportal\/wp-json\/wp\/v2\/types\/post"}],"author":[{"embeddable":true,"href":"https:\/\/www.sudoestehoje.com.br\/novoportal\/wp-json\/wp\/v2\/users\/2"}],"replies":[{"embeddable":true,"href":"https:\/\/www.sudoestehoje.com.br\/novoportal\/wp-json\/wp\/v2\/comments?post=84467"}],"version-history":[{"count":4,"href":"https:\/\/www.sudoestehoje.com.br\/novoportal\/wp-json\/wp\/v2\/posts\/84467\/revisions"}],"predecessor-version":[{"id":84484,"href":"https:\/\/www.sudoestehoje.com.br\/novoportal\/wp-json\/wp\/v2\/posts\/84467\/revisions\/84484"}],"wp:featuredmedia":[{"embeddable":true,"href":"https:\/\/www.sudoestehoje.com.br\/novoportal\/wp-json\/wp\/v2\/media\/84470"}],"wp:attachment":[{"href":"https:\/\/www.sudoestehoje.com.br\/novoportal\/wp-json\/wp\/v2\/media?parent=84467"}],"wp:term":[{"taxonomy":"category","embeddable":true,"href":"https:\/\/www.sudoestehoje.com.br\/novoportal\/wp-json\/wp\/v2\/categories?post=84467"},{"taxonomy":"post_tag","embeddable":true,"href":"https:\/\/www.sudoestehoje.com.br\/novoportal\/wp-json\/wp\/v2\/tags?post=84467"}],"curies":[{"name":"wp","href":"https:\/\/api.w.org\/{rel}","templated":true}]}}