
{"id":84451,"date":"2020-01-02T22:12:36","date_gmt":"2020-01-03T01:12:36","guid":{"rendered":"https:\/\/www.sudoestehoje.com.br\/novoportal\/?p=84451"},"modified":"2020-01-02T22:12:36","modified_gmt":"2020-01-03T01:12:36","slug":"ilheus-bolsonaro-pode-participar-da-inauguracao-da-nova-ponte-e-atrapalhar-planos-de-rui","status":"publish","type":"post","link":"https:\/\/www.sudoestehoje.com.br\/novoportal\/2020\/01\/02\/ilheus-bolsonaro-pode-participar-da-inauguracao-da-nova-ponte-e-atrapalhar-planos-de-rui\/","title":{"rendered":"ILH\u00c9US: BOLSONARO PODE PARTICIPAR DA INAUGURA\u00c7\u00c3O DA NOVA PONTE E ATRAPALHAR PLANOS DE RUI"},"content":{"rendered":"<p><a href=\"https:\/\/www.sudoestehoje.com.br\/novoportal\/wp-content\/uploads\/2020\/01\/nova-ponte-1-e1578012526240.jpg\"><img loading=\"lazy\" decoding=\"async\" class=\"aligncenter size-full wp-image-84452\" src=\"https:\/\/www.sudoestehoje.com.br\/novoportal\/wp-content\/uploads\/2020\/01\/nova-ponte-1-e1578012526240.jpg\" alt=\"\" width=\"480\" height=\"297\" \/><\/a><\/p>\n<p>Muito provavelmente a nova ponte do Pontal, em Ilh\u00e9us, ser\u00e1 inaugurada em mar\u00e7o. O governador da Bahia, Rui Costa (PT), tem acompanhado de perto a obra e at\u00e9 marcou o m\u00eas da inaugura\u00e7\u00e3o.<\/p>\n<p>Mas existe uma movimenta\u00e7\u00e3o para o presidente Jair Bolsonaro participar da inaugura\u00e7\u00e3o, j\u00e1 que a obra tem recurso do governo federal e \u00e9 considerada uma grande obra.<\/p>\n<p>Se Bolsonaro marcar presen\u00e7a na inaugura\u00e7\u00e3o, vai ofuscar o governador Rui Costa, assim como aconteceu na inaugura\u00e7\u00e3o do aeroporto de Vit\u00f3ria da Conquista, quando o governador desistiu de participar. <em>\/\/Pol\u00edticos do Sul da Bahia<\/em><\/p>\n","protected":false},"excerpt":{"rendered":"<p>Muito provavelmente a nova ponte do Pontal, em Ilh\u00e9us, ser\u00e1 inaugurada em mar\u00e7o. O governador da Bahia, Rui Costa (PT), tem acompanhado de perto a obra e at\u00e9 marcou o m\u00eas da inaugura\u00e7\u00e3o. Mas existe uma movimenta\u00e7\u00e3o para o presidente Jair Bolsonaro participar da inaugura\u00e7\u00e3o, j\u00e1 que a obra tem recurso do governo federal e [&hellip;]<\/p>\n","protected":false},"author":2,"featured_media":84452,"comment_status":"open","ping_status":"open","sticky":false,"template":"","format":"standard","meta":{"footnotes":"","_links_to":"","_links_to_target":""},"categories":[1],"tags":[],"class_list":["post-84451","post","type-post","status-publish","format-standard","has-post-thumbnail","hentry","category-geral"],"views":3113,"_links":{"self":[{"href":"https:\/\/www.sudoestehoje.com.br\/novoportal\/wp-json\/wp\/v2\/posts\/84451","targetHints":{"allow":["GET"]}}],"collection":[{"href":"https:\/\/www.sudoestehoje.com.br\/novoportal\/wp-json\/wp\/v2\/posts"}],"about":[{"href":"https:\/\/www.sudoestehoje.com.br\/novoportal\/wp-json\/wp\/v2\/types\/post"}],"author":[{"embeddable":true,"href":"https:\/\/www.sudoestehoje.com.br\/novoportal\/wp-json\/wp\/v2\/users\/2"}],"replies":[{"embeddable":true,"href":"https:\/\/www.sudoestehoje.com.br\/novoportal\/wp-json\/wp\/v2\/comments?post=84451"}],"version-history":[{"count":2,"href":"https:\/\/www.sudoestehoje.com.br\/novoportal\/wp-json\/wp\/v2\/posts\/84451\/revisions"}],"predecessor-version":[{"id":84454,"href":"https:\/\/www.sudoestehoje.com.br\/novoportal\/wp-json\/wp\/v2\/posts\/84451\/revisions\/84454"}],"wp:featuredmedia":[{"embeddable":true,"href":"https:\/\/www.sudoestehoje.com.br\/novoportal\/wp-json\/wp\/v2\/media\/84452"}],"wp:attachment":[{"href":"https:\/\/www.sudoestehoje.com.br\/novoportal\/wp-json\/wp\/v2\/media?parent=84451"}],"wp:term":[{"taxonomy":"category","embeddable":true,"href":"https:\/\/www.sudoestehoje.com.br\/novoportal\/wp-json\/wp\/v2\/categories?post=84451"},{"taxonomy":"post_tag","embeddable":true,"href":"https:\/\/www.sudoestehoje.com.br\/novoportal\/wp-json\/wp\/v2\/tags?post=84451"}],"curies":[{"name":"wp","href":"https:\/\/api.w.org\/{rel}","templated":true}]}}