
{"id":84448,"date":"2020-01-02T19:27:27","date_gmt":"2020-01-02T22:27:27","guid":{"rendered":"https:\/\/www.sudoestehoje.com.br\/novoportal\/?p=84448"},"modified":"2020-01-02T19:27:27","modified_gmt":"2020-01-02T22:27:27","slug":"atacadao-vem-mesmo-para-itapetinga","status":"publish","type":"post","link":"https:\/\/www.sudoestehoje.com.br\/novoportal\/2020\/01\/02\/atacadao-vem-mesmo-para-itapetinga\/","title":{"rendered":"ATACAD\u00c3O VEM MESMO PARA ITAPETINGA?"},"content":{"rendered":"<p><a href=\"https:\/\/www.sudoestehoje.com.br\/novoportal\/wp-content\/uploads\/2020\/01\/ATACAD\u00c3O.jpg\"><img loading=\"lazy\" decoding=\"async\" class=\"aligncenter size-medium wp-image-84449\" src=\"https:\/\/www.sudoestehoje.com.br\/novoportal\/wp-content\/uploads\/2020\/01\/ATACAD\u00c3O-500x282.jpg\" alt=\"\" width=\"500\" height=\"282\" srcset=\"https:\/\/www.sudoestehoje.com.br\/novoportal\/wp-content\/uploads\/2020\/01\/ATACAD\u00c3O-500x282.jpg 500w, https:\/\/www.sudoestehoje.com.br\/novoportal\/wp-content\/uploads\/2020\/01\/ATACAD\u00c3O-700x394.jpg 700w, https:\/\/www.sudoestehoje.com.br\/novoportal\/wp-content\/uploads\/2020\/01\/ATACAD\u00c3O.jpg 710w\" sizes=\"auto, (max-width: 500px) 100vw, 500px\" \/><\/a><\/p>\n<p>Com a chegada do <strong><em>Assa\u00ed Atacadista<\/em><\/strong> em Itapetinga, boatos sobre a vinda de novas empresas do mesmo ramo n\u00e3o param de circular nas rede sociais e conversas de bastidores por toda a cidade.<\/p>\n<p><strong>Atacad\u00e3o, Bom Pre\u00e7o e Atacarejo<\/strong> s\u00e3o algumas das empresas que estariam &#8216;prospectando&#8217; terrenos\u00a0 para erguer seus empreendimentos em Itapetinga, principalmente o<strong> Atacad\u00e3o<\/strong>, que trava uma forte concorr\u00eancia com o Assa\u00ed, Brasil afora. Dizem at\u00e9 que <em>&#8220;onde um vai, o outro vai atr\u00e1s&#8221;.<\/em><\/p>\n<p>At\u00e9 o momento, n\u00e3o h\u00e1 nenhuma\u00a0 informa\u00e7\u00e3o concreta da vinda de algum outro atacadista para Itapetinga, mas o fato \u00e9 que a cidade vive um momento especial, onde o otimismo aflora.<\/p>\n<p>Mesmo sem confirma\u00e7\u00e3o oficial, \u00e9 bom ficar de olho&#8230;<\/p>\n<p><strong><em>Por Davi Ferraz<\/em><\/strong><\/p>\n","protected":false},"excerpt":{"rendered":"<p>Com a chegada do Assa\u00ed Atacadista em Itapetinga, boatos sobre a vinda de novas empresas do mesmo ramo n\u00e3o param de circular nas rede sociais e conversas de bastidores por toda a cidade. Atacad\u00e3o, Bom Pre\u00e7o e Atacarejo s\u00e3o algumas das empresas que estariam &#8216;prospectando&#8217; terrenos\u00a0 para erguer seus empreendimentos em Itapetinga, principalmente o Atacad\u00e3o, [&hellip;]<\/p>\n","protected":false},"author":2,"featured_media":84449,"comment_status":"open","ping_status":"open","sticky":false,"template":"","format":"standard","meta":{"footnotes":"","_links_to":"","_links_to_target":""},"categories":[1],"tags":[],"class_list":["post-84448","post","type-post","status-publish","format-standard","has-post-thumbnail","hentry","category-geral"],"views":1935,"_links":{"self":[{"href":"https:\/\/www.sudoestehoje.com.br\/novoportal\/wp-json\/wp\/v2\/posts\/84448","targetHints":{"allow":["GET"]}}],"collection":[{"href":"https:\/\/www.sudoestehoje.com.br\/novoportal\/wp-json\/wp\/v2\/posts"}],"about":[{"href":"https:\/\/www.sudoestehoje.com.br\/novoportal\/wp-json\/wp\/v2\/types\/post"}],"author":[{"embeddable":true,"href":"https:\/\/www.sudoestehoje.com.br\/novoportal\/wp-json\/wp\/v2\/users\/2"}],"replies":[{"embeddable":true,"href":"https:\/\/www.sudoestehoje.com.br\/novoportal\/wp-json\/wp\/v2\/comments?post=84448"}],"version-history":[{"count":1,"href":"https:\/\/www.sudoestehoje.com.br\/novoportal\/wp-json\/wp\/v2\/posts\/84448\/revisions"}],"predecessor-version":[{"id":84450,"href":"https:\/\/www.sudoestehoje.com.br\/novoportal\/wp-json\/wp\/v2\/posts\/84448\/revisions\/84450"}],"wp:featuredmedia":[{"embeddable":true,"href":"https:\/\/www.sudoestehoje.com.br\/novoportal\/wp-json\/wp\/v2\/media\/84449"}],"wp:attachment":[{"href":"https:\/\/www.sudoestehoje.com.br\/novoportal\/wp-json\/wp\/v2\/media?parent=84448"}],"wp:term":[{"taxonomy":"category","embeddable":true,"href":"https:\/\/www.sudoestehoje.com.br\/novoportal\/wp-json\/wp\/v2\/categories?post=84448"},{"taxonomy":"post_tag","embeddable":true,"href":"https:\/\/www.sudoestehoje.com.br\/novoportal\/wp-json\/wp\/v2\/tags?post=84448"}],"curies":[{"name":"wp","href":"https:\/\/api.w.org\/{rel}","templated":true}]}}