
{"id":84431,"date":"2019-12-31T19:27:13","date_gmt":"2019-12-31T22:27:13","guid":{"rendered":"https:\/\/www.sudoestehoje.com.br\/novoportal\/?p=84431"},"modified":"2019-12-31T19:27:13","modified_gmt":"2019-12-31T22:27:13","slug":"toffoli-suspende-resolucao-do-governo-que-reduzia-valor-do-dpvat","status":"publish","type":"post","link":"https:\/\/www.sudoestehoje.com.br\/novoportal\/2019\/12\/31\/toffoli-suspende-resolucao-do-governo-que-reduzia-valor-do-dpvat\/","title":{"rendered":"TOFFOLI SUSPENDE RESOLU\u00c7\u00c3O DO GOVERNO QUE REDUZIA VALOR DO DPVAT"},"content":{"rendered":"<p><a href=\"https:\/\/www.sudoestehoje.com.br\/novoportal\/wp-content\/uploads\/2019\/12\/TOFFOLI-DPVAT.jpg\"><img loading=\"lazy\" decoding=\"async\" class=\"aligncenter size-medium wp-image-84432\" src=\"https:\/\/www.sudoestehoje.com.br\/novoportal\/wp-content\/uploads\/2019\/12\/TOFFOLI-DPVAT-500x300.jpg\" alt=\"\" width=\"500\" height=\"300\" srcset=\"https:\/\/www.sudoestehoje.com.br\/novoportal\/wp-content\/uploads\/2019\/12\/TOFFOLI-DPVAT-500x300.jpg 500w, https:\/\/www.sudoestehoje.com.br\/novoportal\/wp-content\/uploads\/2019\/12\/TOFFOLI-DPVAT-768x461.jpg 768w, https:\/\/www.sudoestehoje.com.br\/novoportal\/wp-content\/uploads\/2019\/12\/TOFFOLI-DPVAT-700x420.jpg 700w, https:\/\/www.sudoestehoje.com.br\/novoportal\/wp-content\/uploads\/2019\/12\/TOFFOLI-DPVAT.jpg 1086w\" sizes=\"auto, (max-width: 500px) 100vw, 500px\" \/><\/a><\/p>\n<p>O presidente do Supremo Tribunal Federal, ministro Dias Toffoli, suspendeu uma resolu\u00e7\u00e3o do Conselho Nacional de Seguros Privados (CNSP), vinculado ao Minist\u00e9rio da Economia, que reduzia os valores pagos pelos propriet\u00e1rios de ve\u00edculos para a obten\u00e7\u00e3o do seguro DPVAT, que \u00e9 obrigat\u00f3rio.<\/p>\n<p>O presidente da Corte entendeu que a norma expedida pelo governo foi uma maneira de \u201cesvaziar\u201d a\u00a0<a href=\"https:\/\/oglobo.globo.com\/brasil\/stf-tem-maioria-para-suspender-medida-de-bolsonaro-garantir-cobranca-do-dpvat-em-2020-24149222\" target=\"_blank\" rel=\"noopener noreferrer\">decis\u00e3o do STF, que este m\u00eas derrubou a Medida Provis\u00f3ria (MP)<\/a>\u00a0assinada pelo presidente Jair Bolsonaro extinguindo o pagamento do DPVAT a partir de 2020.<\/p>\n<p>A decis\u00e3o, em car\u00e1ter liminar, foi tomada em uma a\u00e7\u00e3o proposta pela L\u00edder, empresa \u00e0 frente do cons\u00f3rcio que gere os recursos arrecadados com o seguro. O deputado federal Luciano Bivar (PSL-PE), presidente da sigla, ex-aliado e atual advers\u00e1rio de Bolsonaro, \u00e9 s\u00f3cio da Excelsior, uma das companhias que integram o cons\u00f3rcio.<\/p>\n","protected":false},"excerpt":{"rendered":"<p>O presidente do Supremo Tribunal Federal, ministro Dias Toffoli, suspendeu uma resolu\u00e7\u00e3o do Conselho Nacional de Seguros Privados (CNSP), vinculado ao Minist\u00e9rio da Economia, que reduzia os valores pagos pelos propriet\u00e1rios de ve\u00edculos para a obten\u00e7\u00e3o do seguro DPVAT, que \u00e9 obrigat\u00f3rio. O presidente da Corte entendeu que a norma expedida pelo governo foi uma [&hellip;]<\/p>\n","protected":false},"author":2,"featured_media":84432,"comment_status":"open","ping_status":"open","sticky":false,"template":"","format":"standard","meta":{"footnotes":"","_links_to":"","_links_to_target":""},"categories":[1],"tags":[],"class_list":["post-84431","post","type-post","status-publish","format-standard","has-post-thumbnail","hentry","category-geral"],"views":753,"_links":{"self":[{"href":"https:\/\/www.sudoestehoje.com.br\/novoportal\/wp-json\/wp\/v2\/posts\/84431","targetHints":{"allow":["GET"]}}],"collection":[{"href":"https:\/\/www.sudoestehoje.com.br\/novoportal\/wp-json\/wp\/v2\/posts"}],"about":[{"href":"https:\/\/www.sudoestehoje.com.br\/novoportal\/wp-json\/wp\/v2\/types\/post"}],"author":[{"embeddable":true,"href":"https:\/\/www.sudoestehoje.com.br\/novoportal\/wp-json\/wp\/v2\/users\/2"}],"replies":[{"embeddable":true,"href":"https:\/\/www.sudoestehoje.com.br\/novoportal\/wp-json\/wp\/v2\/comments?post=84431"}],"version-history":[{"count":1,"href":"https:\/\/www.sudoestehoje.com.br\/novoportal\/wp-json\/wp\/v2\/posts\/84431\/revisions"}],"predecessor-version":[{"id":84433,"href":"https:\/\/www.sudoestehoje.com.br\/novoportal\/wp-json\/wp\/v2\/posts\/84431\/revisions\/84433"}],"wp:featuredmedia":[{"embeddable":true,"href":"https:\/\/www.sudoestehoje.com.br\/novoportal\/wp-json\/wp\/v2\/media\/84432"}],"wp:attachment":[{"href":"https:\/\/www.sudoestehoje.com.br\/novoportal\/wp-json\/wp\/v2\/media?parent=84431"}],"wp:term":[{"taxonomy":"category","embeddable":true,"href":"https:\/\/www.sudoestehoje.com.br\/novoportal\/wp-json\/wp\/v2\/categories?post=84431"},{"taxonomy":"post_tag","embeddable":true,"href":"https:\/\/www.sudoestehoje.com.br\/novoportal\/wp-json\/wp\/v2\/tags?post=84431"}],"curies":[{"name":"wp","href":"https:\/\/api.w.org\/{rel}","templated":true}]}}