
{"id":84428,"date":"2019-12-31T18:05:06","date_gmt":"2019-12-31T21:05:06","guid":{"rendered":"https:\/\/www.sudoestehoje.com.br\/novoportal\/?p=84428"},"modified":"2019-12-31T18:05:06","modified_gmt":"2019-12-31T21:05:06","slug":"salario-minimo-2020-sera-de-r-1-039-reais","status":"publish","type":"post","link":"https:\/\/www.sudoestehoje.com.br\/novoportal\/2019\/12\/31\/salario-minimo-2020-sera-de-r-1-039-reais\/","title":{"rendered":"SAL\u00c1RIO M\u00cdNIMO 2020 SER\u00c1 DE R$ 1.039 REAIS"},"content":{"rendered":"<p><a href=\"https:\/\/www.sudoestehoje.com.br\/novoportal\/wp-content\/uploads\/2019\/12\/SM-2020.jpg\"><img loading=\"lazy\" decoding=\"async\" class=\"aligncenter size-medium wp-image-84429\" src=\"https:\/\/www.sudoestehoje.com.br\/novoportal\/wp-content\/uploads\/2019\/12\/SM-2020-500x333.jpg\" alt=\"\" width=\"500\" height=\"333\" srcset=\"https:\/\/www.sudoestehoje.com.br\/novoportal\/wp-content\/uploads\/2019\/12\/SM-2020-500x333.jpg 500w, https:\/\/www.sudoestehoje.com.br\/novoportal\/wp-content\/uploads\/2019\/12\/SM-2020.jpg 680w\" sizes=\"auto, (max-width: 500px) 100vw, 500px\" \/><\/a><\/p>\n<p>O presidente\u00a0Jair Bolsonaro\u00a0assinou nesta ter\u00e7a-feira, 31, medida provis\u00f3ria (MP) que reajusta o sal\u00e1rio m\u00ednimo\u00a0de 998 para 1.039 reais em 2020. A MP foi publicada em edi\u00e7\u00e3o extra do Di\u00e1rio Oficial da Uni\u00e3o.<\/p>\n<p>O sal\u00e1rio m\u00ednimo di\u00e1rio corresponder\u00e1 a 34,63 reais e o valor hor\u00e1rio, a 4,72 reais. A medida passa a vigorar nesta quarta-feira 1\u00ba.<\/p>\n","protected":false},"excerpt":{"rendered":"<p>O presidente\u00a0Jair Bolsonaro\u00a0assinou nesta ter\u00e7a-feira, 31, medida provis\u00f3ria (MP) que reajusta o sal\u00e1rio m\u00ednimo\u00a0de 998 para 1.039 reais em 2020. A MP foi publicada em edi\u00e7\u00e3o extra do Di\u00e1rio Oficial da Uni\u00e3o. O sal\u00e1rio m\u00ednimo di\u00e1rio corresponder\u00e1 a 34,63 reais e o valor hor\u00e1rio, a 4,72 reais. A medida passa a vigorar nesta quarta-feira 1\u00ba.<\/p>\n","protected":false},"author":2,"featured_media":84429,"comment_status":"open","ping_status":"open","sticky":false,"template":"","format":"standard","meta":{"footnotes":"","_links_to":"","_links_to_target":""},"categories":[1],"tags":[],"class_list":["post-84428","post","type-post","status-publish","format-standard","has-post-thumbnail","hentry","category-geral"],"views":876,"_links":{"self":[{"href":"https:\/\/www.sudoestehoje.com.br\/novoportal\/wp-json\/wp\/v2\/posts\/84428","targetHints":{"allow":["GET"]}}],"collection":[{"href":"https:\/\/www.sudoestehoje.com.br\/novoportal\/wp-json\/wp\/v2\/posts"}],"about":[{"href":"https:\/\/www.sudoestehoje.com.br\/novoportal\/wp-json\/wp\/v2\/types\/post"}],"author":[{"embeddable":true,"href":"https:\/\/www.sudoestehoje.com.br\/novoportal\/wp-json\/wp\/v2\/users\/2"}],"replies":[{"embeddable":true,"href":"https:\/\/www.sudoestehoje.com.br\/novoportal\/wp-json\/wp\/v2\/comments?post=84428"}],"version-history":[{"count":1,"href":"https:\/\/www.sudoestehoje.com.br\/novoportal\/wp-json\/wp\/v2\/posts\/84428\/revisions"}],"predecessor-version":[{"id":84430,"href":"https:\/\/www.sudoestehoje.com.br\/novoportal\/wp-json\/wp\/v2\/posts\/84428\/revisions\/84430"}],"wp:featuredmedia":[{"embeddable":true,"href":"https:\/\/www.sudoestehoje.com.br\/novoportal\/wp-json\/wp\/v2\/media\/84429"}],"wp:attachment":[{"href":"https:\/\/www.sudoestehoje.com.br\/novoportal\/wp-json\/wp\/v2\/media?parent=84428"}],"wp:term":[{"taxonomy":"category","embeddable":true,"href":"https:\/\/www.sudoestehoje.com.br\/novoportal\/wp-json\/wp\/v2\/categories?post=84428"},{"taxonomy":"post_tag","embeddable":true,"href":"https:\/\/www.sudoestehoje.com.br\/novoportal\/wp-json\/wp\/v2\/tags?post=84428"}],"curies":[{"name":"wp","href":"https:\/\/api.w.org\/{rel}","templated":true}]}}