
{"id":84423,"date":"2019-12-30T23:43:24","date_gmt":"2019-12-31T02:43:24","guid":{"rendered":"https:\/\/www.sudoestehoje.com.br\/novoportal\/?p=84423"},"modified":"2019-12-30T23:43:24","modified_gmt":"2019-12-31T02:43:24","slug":"elevador-cai-do-nono-andar-e-mata-4-pessoas-da-mesma-familia-em-santos","status":"publish","type":"post","link":"https:\/\/www.sudoestehoje.com.br\/novoportal\/2019\/12\/30\/elevador-cai-do-nono-andar-e-mata-4-pessoas-da-mesma-familia-em-santos\/","title":{"rendered":"ELEVADOR CAI DO NONO ANDAR E MATA 4 PESSOAS DA MESMA FAM\u00cdLIA EM SANTOS"},"content":{"rendered":"<div class=\"mc-column content-text active-extra-styles \" data-block-type=\"unstyled\" data-block-weight=\"50\" data-block-id=\"2\">\n<p data-track-category=\"Link no Texto\" data-track-links=\"\"><a href=\"https:\/\/www.sudoestehoje.com.br\/novoportal\/wp-content\/uploads\/2019\/12\/ELEVADOR-SANTOS.jpg\"><img loading=\"lazy\" decoding=\"async\" class=\"aligncenter size-medium wp-image-84425\" src=\"https:\/\/www.sudoestehoje.com.br\/novoportal\/wp-content\/uploads\/2019\/12\/ELEVADOR-SANTOS-500x333.jpg\" alt=\"\" width=\"500\" height=\"333\" srcset=\"https:\/\/www.sudoestehoje.com.br\/novoportal\/wp-content\/uploads\/2019\/12\/ELEVADOR-SANTOS-500x333.jpg 500w, https:\/\/www.sudoestehoje.com.br\/novoportal\/wp-content\/uploads\/2019\/12\/ELEVADOR-SANTOS.jpg 768w, https:\/\/www.sudoestehoje.com.br\/novoportal\/wp-content\/uploads\/2019\/12\/ELEVADOR-SANTOS-700x467.jpg 700w\" sizes=\"auto, (max-width: 500px) 100vw, 500px\" \/><\/a><\/p>\n<p class=\"content-text__container \" data-track-category=\"Link no Texto\" data-track-links=\"\">Quatro pessoas da mesma fam\u00edlia morreram ap\u00f3s um elevador despencar do nono andar de um edif\u00edcio da Marinha em Santos, no litoral de S\u00e3o Paulo, na noite desta segunda-feira (30). De acordo com o Corpo de Bombeiros, n\u00e3o havia mais ocupantes no interior da cabine no momento do acidente.<\/p>\n<\/div>\n<div class=\"wall protected-content\">\n<div class=\"mc-column content-text active-extra-styles \" data-block-type=\"unstyled\" data-block-weight=\"21\" data-block-id=\"3\">\n<p class=\"content-text__container \" data-track-category=\"Link no Texto\" data-track-links=\"\">Segundo a Capitania dos Portos de S\u00e3o Paulo (CPSP), as v\u00edtimas s\u00e3o a esposa e familiares de um suboficial da Marinha.<\/p>\n<\/div>\n<div class=\"mc-column content-text active-extra-styles \" data-block-type=\"unstyled\" data-block-weight=\"39\" data-block-id=\"4\">\n<p class=\"content-text__container \" data-track-category=\"Link no Texto\" data-track-links=\"\">Conforme apurado pelo\u00a0<strong>G1<\/strong>, a queda do equipamento aconteceu em um edif\u00edcio residencial localizado na Rua Guararapes, no bairro Vila Belmiro, por volta das 20h. At\u00e9 a \u00faltima atualiza\u00e7\u00e3o desta reportagem, as causas do acidente permaneciam em apura\u00e7\u00e3o.<\/p>\n<\/div>\n<\/div>\n","protected":false},"excerpt":{"rendered":"<p>Quatro pessoas da mesma fam\u00edlia morreram ap\u00f3s um elevador despencar do nono andar de um edif\u00edcio da Marinha em Santos, no litoral de S\u00e3o Paulo, na noite desta segunda-feira (30). De acordo com o Corpo de Bombeiros, n\u00e3o havia mais ocupantes no interior da cabine no momento do acidente. Segundo a Capitania dos Portos de [&hellip;]<\/p>\n","protected":false},"author":2,"featured_media":84425,"comment_status":"open","ping_status":"open","sticky":false,"template":"","format":"standard","meta":{"footnotes":"","_links_to":"","_links_to_target":""},"categories":[1],"tags":[],"class_list":["post-84423","post","type-post","status-publish","format-standard","has-post-thumbnail","hentry","category-geral"],"views":935,"_links":{"self":[{"href":"https:\/\/www.sudoestehoje.com.br\/novoportal\/wp-json\/wp\/v2\/posts\/84423","targetHints":{"allow":["GET"]}}],"collection":[{"href":"https:\/\/www.sudoestehoje.com.br\/novoportal\/wp-json\/wp\/v2\/posts"}],"about":[{"href":"https:\/\/www.sudoestehoje.com.br\/novoportal\/wp-json\/wp\/v2\/types\/post"}],"author":[{"embeddable":true,"href":"https:\/\/www.sudoestehoje.com.br\/novoportal\/wp-json\/wp\/v2\/users\/2"}],"replies":[{"embeddable":true,"href":"https:\/\/www.sudoestehoje.com.br\/novoportal\/wp-json\/wp\/v2\/comments?post=84423"}],"version-history":[{"count":2,"href":"https:\/\/www.sudoestehoje.com.br\/novoportal\/wp-json\/wp\/v2\/posts\/84423\/revisions"}],"predecessor-version":[{"id":84426,"href":"https:\/\/www.sudoestehoje.com.br\/novoportal\/wp-json\/wp\/v2\/posts\/84423\/revisions\/84426"}],"wp:featuredmedia":[{"embeddable":true,"href":"https:\/\/www.sudoestehoje.com.br\/novoportal\/wp-json\/wp\/v2\/media\/84425"}],"wp:attachment":[{"href":"https:\/\/www.sudoestehoje.com.br\/novoportal\/wp-json\/wp\/v2\/media?parent=84423"}],"wp:term":[{"taxonomy":"category","embeddable":true,"href":"https:\/\/www.sudoestehoje.com.br\/novoportal\/wp-json\/wp\/v2\/categories?post=84423"},{"taxonomy":"post_tag","embeddable":true,"href":"https:\/\/www.sudoestehoje.com.br\/novoportal\/wp-json\/wp\/v2\/tags?post=84423"}],"curies":[{"name":"wp","href":"https:\/\/api.w.org\/{rel}","templated":true}]}}