
{"id":84409,"date":"2019-12-30T22:15:03","date_gmt":"2019-12-31T01:15:03","guid":{"rendered":"https:\/\/www.sudoestehoje.com.br\/novoportal\/?p=84409"},"modified":"2019-12-30T22:15:03","modified_gmt":"2019-12-31T01:15:03","slug":"senador-coronel-intermediou-acordo-que-deu-inicio-a-investigacao-no-tjba","status":"publish","type":"post","link":"https:\/\/www.sudoestehoje.com.br\/novoportal\/2019\/12\/30\/senador-coronel-intermediou-acordo-que-deu-inicio-a-investigacao-no-tjba\/","title":{"rendered":"SENADOR CORONEL INTERMEDIOU ACORDO QUE DEU IN\u00cdCIO \u00c0 INVESTIGA\u00c7\u00c3O NO TJBA"},"content":{"rendered":"<p><a href=\"https:\/\/www.sudoestehoje.com.br\/novoportal\/wp-content\/uploads\/2019\/12\/angelocoronel.jpg\"><img loading=\"lazy\" decoding=\"async\" class=\"aligncenter size-medium wp-image-84411\" src=\"https:\/\/www.sudoestehoje.com.br\/novoportal\/wp-content\/uploads\/2019\/12\/angelocoronel-500x350.jpg\" alt=\"\" width=\"500\" height=\"350\" srcset=\"https:\/\/www.sudoestehoje.com.br\/novoportal\/wp-content\/uploads\/2019\/12\/angelocoronel-500x350.jpg 500w, https:\/\/www.sudoestehoje.com.br\/novoportal\/wp-content\/uploads\/2019\/12\/angelocoronel.jpg 600w\" sizes=\"auto, (max-width: 500px) 100vw, 500px\" \/><\/a><\/p>\n<p>O senador Angelo Coronel (PSD) ajudou a intermediar um acordo entre produtores rurais do Oeste baiano que fez a Pol\u00edcia Federal deflagrar a\u00a0Opera\u00e7\u00e3o Faroeste, em novembro, que investiga um esquema de vendas de senten\u00e7as para permitir grilagem na regi\u00e3o.<\/p>\n<p>Segundo o Estad\u00e3o, em abril de 2017, Coronel, que ocupava o cargo de presidente da Assembleia Legislativa da Bahia, promoveu reuni\u00f5es entre as partes envolvidas no conflito: cerca de 400 produtores que alegavam trabalhar na regi\u00e3o h\u00e1 mais de 30 anos e o borracheiro Jos\u00e9 Valter Dias,\u00a0um dos 15 denunciados pela Procuradoria-Geral de Rep\u00fablica.\u00a0Dias reivindicava a posse de uma fazenda de mais de 366 mil hectares.<\/p>\n<p>Ainda de acordo com o Estad\u00e3o, no dia 27 de abril daquele ano, Coronel participou, em Formosa do Rio Preto, do ato de assinatura de um documento judicial que estipulava que os agricultores deveriam pagar 23 sacas de soja por hectare durante seis anos a Dias para ter direito a permanecer no terreno. Caso descumprissem a determina\u00e7\u00e3o, os agricultores teriam que deixar a \u00e1rea.<\/p>\n<p>Despacho do ministro do Superior Tribunal de Justi\u00e7a, Og Fernandes, aponta que a assinatura do documento teria favorecido o borracheiro. O acordo foi homologado pelo Centro Judici\u00e1rio de Solu\u00e7\u00e3o Consensual de Conflitos Possess\u00f3rios da Regi\u00e3o Oeste, na \u00e9poca, coordenado pelo juiz Marcio Braga, que foi afastado de suas fun\u00e7\u00f5es no \u00e2mbito da Faroeste.<\/p>\n<p>Dez dias depois de criada a inst\u00e2ncia judicial, o acordo foi assinada pela ent\u00e3o presidente do Tribunal de Justi\u00e7a da Bahia (TJ-BA), Maria do Socorro Santiago, presa e denunciada na Faroeste.<\/p>\n<p>O Estad\u00e3o apurou que, no Di\u00e1rio Oficial daquele per\u00edodo, as justificativas para a cria\u00e7\u00e3o do centro judici\u00e1rio foram of\u00edcios enviados \u00e0 Corte pelo gabinete do governador Rui Costa e pelo Legislativo estadual, solicitando medidas para reduzir lit\u00edgios envolvendo a emiss\u00e3o de t\u00edtulos de propriedade no Oeste baiano.<\/p>\n<p>Em resposta ao Estad\u00e3o, Coronel afirmou que havia \u201czero chance\u201d de que ele ou o governo tivesse conhecimento de qualquer suspeita de venda de senten\u00e7as e de que o acordo prejudicaria uma das partes. \u201cS\u00f3 se eu fosse vidente para saber que havia negocia\u00e7\u00e3o de senten\u00e7a no acordo, uma vez que todos sa\u00edram de l\u00e1 alegres e sorridentes\u201d, disse.<\/p>\n","protected":false},"excerpt":{"rendered":"<p>O senador Angelo Coronel (PSD) ajudou a intermediar um acordo entre produtores rurais do Oeste baiano que fez a Pol\u00edcia Federal deflagrar a\u00a0Opera\u00e7\u00e3o Faroeste, em novembro, que investiga um esquema de vendas de senten\u00e7as para permitir grilagem na regi\u00e3o. Segundo o Estad\u00e3o, em abril de 2017, Coronel, que ocupava o cargo de presidente da Assembleia [&hellip;]<\/p>\n","protected":false},"author":2,"featured_media":84411,"comment_status":"open","ping_status":"open","sticky":false,"template":"","format":"standard","meta":{"footnotes":"","_links_to":"","_links_to_target":""},"categories":[1],"tags":[],"class_list":["post-84409","post","type-post","status-publish","format-standard","has-post-thumbnail","hentry","category-geral"],"views":753,"_links":{"self":[{"href":"https:\/\/www.sudoestehoje.com.br\/novoportal\/wp-json\/wp\/v2\/posts\/84409","targetHints":{"allow":["GET"]}}],"collection":[{"href":"https:\/\/www.sudoestehoje.com.br\/novoportal\/wp-json\/wp\/v2\/posts"}],"about":[{"href":"https:\/\/www.sudoestehoje.com.br\/novoportal\/wp-json\/wp\/v2\/types\/post"}],"author":[{"embeddable":true,"href":"https:\/\/www.sudoestehoje.com.br\/novoportal\/wp-json\/wp\/v2\/users\/2"}],"replies":[{"embeddable":true,"href":"https:\/\/www.sudoestehoje.com.br\/novoportal\/wp-json\/wp\/v2\/comments?post=84409"}],"version-history":[{"count":2,"href":"https:\/\/www.sudoestehoje.com.br\/novoportal\/wp-json\/wp\/v2\/posts\/84409\/revisions"}],"predecessor-version":[{"id":84412,"href":"https:\/\/www.sudoestehoje.com.br\/novoportal\/wp-json\/wp\/v2\/posts\/84409\/revisions\/84412"}],"wp:featuredmedia":[{"embeddable":true,"href":"https:\/\/www.sudoestehoje.com.br\/novoportal\/wp-json\/wp\/v2\/media\/84411"}],"wp:attachment":[{"href":"https:\/\/www.sudoestehoje.com.br\/novoportal\/wp-json\/wp\/v2\/media?parent=84409"}],"wp:term":[{"taxonomy":"category","embeddable":true,"href":"https:\/\/www.sudoestehoje.com.br\/novoportal\/wp-json\/wp\/v2\/categories?post=84409"},{"taxonomy":"post_tag","embeddable":true,"href":"https:\/\/www.sudoestehoje.com.br\/novoportal\/wp-json\/wp\/v2\/tags?post=84409"}],"curies":[{"name":"wp","href":"https:\/\/api.w.org\/{rel}","templated":true}]}}