
{"id":84400,"date":"2019-12-30T10:26:52","date_gmt":"2019-12-30T13:26:52","guid":{"rendered":"https:\/\/www.sudoestehoje.com.br\/novoportal\/?p=84400"},"modified":"2019-12-30T10:26:52","modified_gmt":"2019-12-30T13:26:52","slug":"presidente-do-bahia-anuncia-chorando-que-nao-vai-ser-candidato-a-prefeito-de-salvador","status":"publish","type":"post","link":"https:\/\/www.sudoestehoje.com.br\/novoportal\/2019\/12\/30\/presidente-do-bahia-anuncia-chorando-que-nao-vai-ser-candidato-a-prefeito-de-salvador\/","title":{"rendered":"PRESIDENTE DO BAHIA ANUNCIA CHORANDO QUE N\u00c3O VAI SER CANDIDATO A PREFEITO DE SALVADOR"},"content":{"rendered":"<p><a href=\"https:\/\/www.sudoestehoje.com.br\/novoportal\/wp-content\/uploads\/2019\/12\/bellintani5.jpg\"><img loading=\"lazy\" decoding=\"async\" class=\"aligncenter size-medium wp-image-84402\" src=\"https:\/\/www.sudoestehoje.com.br\/novoportal\/wp-content\/uploads\/2019\/12\/bellintani5-500x350.jpg\" alt=\"\" width=\"500\" height=\"350\" srcset=\"https:\/\/www.sudoestehoje.com.br\/novoportal\/wp-content\/uploads\/2019\/12\/bellintani5-500x350.jpg 500w, https:\/\/www.sudoestehoje.com.br\/novoportal\/wp-content\/uploads\/2019\/12\/bellintani5.jpg 600w\" sizes=\"auto, (max-width: 500px) 100vw, 500px\" \/><\/a><\/p>\n<p>O presidente do Bahia, Guilherme Bellintani, anunciou nesta segunda-feira (30) que n\u00e3o ser\u00e1 candidato a prefeito de Salvador.\u00a0Em entrevista \u00e0 r\u00e1dio Metr\u00f3pole, Bellintani se emocionou e falou que conversou com todos ao seu redor para tomar sua decis\u00e3o.<\/p>\n<p><em>\u201cCancelei minhas f\u00e9rias, parei para pensar um pouco. Consultei praticamente todo mundo que me apoiou na elei\u00e7\u00e3o de 2017, ouvi a opini\u00e3o das pessoas, minha fam\u00edlia\u201d<\/em>, disse.<\/p>\n<p><em>\u201cMas eu acho que um sonho n\u00e3o pode atrapalhar o outro. Quando a gente tem dois sonhos ao mesmo tempo, a gente tem que concluir um pra iniciar outro. Eu cheguei a conclus\u00e3o que \u00e9 a hora de continuar no Bahia, concluir o meu mandato, concluir uma coisa que me deixa muito feliz\u201d<\/em>, falou.<\/p>\n<p>Bellintani vinha sendo cobi\u00e7ado pelo governador Rui Costa para ser o candidato do PT \u00e0 prefeitura da capital baiana.<\/p>\n","protected":false},"excerpt":{"rendered":"<p>O presidente do Bahia, Guilherme Bellintani, anunciou nesta segunda-feira (30) que n\u00e3o ser\u00e1 candidato a prefeito de Salvador.\u00a0Em entrevista \u00e0 r\u00e1dio Metr\u00f3pole, Bellintani se emocionou e falou que conversou com todos ao seu redor para tomar sua decis\u00e3o. \u201cCancelei minhas f\u00e9rias, parei para pensar um pouco. Consultei praticamente todo mundo que me apoiou na elei\u00e7\u00e3o [&hellip;]<\/p>\n","protected":false},"author":2,"featured_media":84402,"comment_status":"open","ping_status":"open","sticky":false,"template":"","format":"standard","meta":{"footnotes":"","_links_to":"","_links_to_target":""},"categories":[1],"tags":[],"class_list":["post-84400","post","type-post","status-publish","format-standard","has-post-thumbnail","hentry","category-geral"],"views":812,"_links":{"self":[{"href":"https:\/\/www.sudoestehoje.com.br\/novoportal\/wp-json\/wp\/v2\/posts\/84400","targetHints":{"allow":["GET"]}}],"collection":[{"href":"https:\/\/www.sudoestehoje.com.br\/novoportal\/wp-json\/wp\/v2\/posts"}],"about":[{"href":"https:\/\/www.sudoestehoje.com.br\/novoportal\/wp-json\/wp\/v2\/types\/post"}],"author":[{"embeddable":true,"href":"https:\/\/www.sudoestehoje.com.br\/novoportal\/wp-json\/wp\/v2\/users\/2"}],"replies":[{"embeddable":true,"href":"https:\/\/www.sudoestehoje.com.br\/novoportal\/wp-json\/wp\/v2\/comments?post=84400"}],"version-history":[{"count":3,"href":"https:\/\/www.sudoestehoje.com.br\/novoportal\/wp-json\/wp\/v2\/posts\/84400\/revisions"}],"predecessor-version":[{"id":84404,"href":"https:\/\/www.sudoestehoje.com.br\/novoportal\/wp-json\/wp\/v2\/posts\/84400\/revisions\/84404"}],"wp:featuredmedia":[{"embeddable":true,"href":"https:\/\/www.sudoestehoje.com.br\/novoportal\/wp-json\/wp\/v2\/media\/84402"}],"wp:attachment":[{"href":"https:\/\/www.sudoestehoje.com.br\/novoportal\/wp-json\/wp\/v2\/media?parent=84400"}],"wp:term":[{"taxonomy":"category","embeddable":true,"href":"https:\/\/www.sudoestehoje.com.br\/novoportal\/wp-json\/wp\/v2\/categories?post=84400"},{"taxonomy":"post_tag","embeddable":true,"href":"https:\/\/www.sudoestehoje.com.br\/novoportal\/wp-json\/wp\/v2\/tags?post=84400"}],"curies":[{"name":"wp","href":"https:\/\/api.w.org\/{rel}","templated":true}]}}