
{"id":84393,"date":"2019-12-29T17:51:18","date_gmt":"2019-12-29T20:51:18","guid":{"rendered":"https:\/\/www.sudoestehoje.com.br\/novoportal\/?p=84393"},"modified":"2019-12-29T23:36:08","modified_gmt":"2019-12-30T02:36:08","slug":"mae-do-ator-e-diretor-jorge-fernando-morre-dois-meses-depois-do-filho","status":"publish","type":"post","link":"https:\/\/www.sudoestehoje.com.br\/novoportal\/2019\/12\/29\/mae-do-ator-e-diretor-jorge-fernando-morre-dois-meses-depois-do-filho\/","title":{"rendered":"M\u00c3E DO ATOR E DIRETOR JORGE FERNANDO MORRE DOIS MESES DEPOIS DO FILHO"},"content":{"rendered":"<p><a href=\"https:\/\/www.sudoestehoje.com.br\/novoportal\/wp-content\/uploads\/2019\/12\/jorge-fernando-hilda-rebello_fixed_large.jpg\"><img loading=\"lazy\" decoding=\"async\" class=\"aligncenter size-medium wp-image-84394\" src=\"https:\/\/www.sudoestehoje.com.br\/novoportal\/wp-content\/uploads\/2019\/12\/jorge-fernando-hilda-rebello_fixed_large-500x236.jpg\" alt=\"\" width=\"500\" height=\"236\" srcset=\"https:\/\/www.sudoestehoje.com.br\/novoportal\/wp-content\/uploads\/2019\/12\/jorge-fernando-hilda-rebello_fixed_large-500x236.jpg 500w, https:\/\/www.sudoestehoje.com.br\/novoportal\/wp-content\/uploads\/2019\/12\/jorge-fernando-hilda-rebello_fixed_large-768x362.jpg 768w, https:\/\/www.sudoestehoje.com.br\/novoportal\/wp-content\/uploads\/2019\/12\/jorge-fernando-hilda-rebello_fixed_large-700x330.jpg 700w, https:\/\/www.sudoestehoje.com.br\/novoportal\/wp-content\/uploads\/2019\/12\/jorge-fernando-hilda-rebello_fixed_large.jpg 1000w\" sizes=\"auto, (max-width: 500px) 100vw, 500px\" \/><\/a><\/p>\n<p>M\u00e3e do ator e diretor Jorge Fernando, a atriz Hilda Rebello, 95 anos, morreu neste domingo, no Rio de Janeiro, dois meses depois da morte do filho.\u00a0Ela estava internada com um quadro complicado de infec\u00e7\u00e3o respirat\u00f3ria no Centro de Terapia Intensiva (CTI) do o Hospital Pr\u00f3-Card\u00edaco, no bairro do Botafogo, no Rio de Janeiro.<\/p>\n<p class=\"bodytext\">O vel\u00f3rio ser\u00e1 nessa segunda-feira (30), a partir das 10h, no \u00a0Cremat\u00f3rio e Cemit\u00e9rio da Penit\u00eancia, no bairro do Caju, no Rio de Janeiro. J\u00e1 a cerim\u00f4nia de crema\u00e7\u00e3o est\u00e1 marcada para as 15h30. Ela completou 95 anos no dia 30 de novembro. Em nota, o hospital explicou que a morte ocorreu em decorr\u00eancia de complica\u00e7\u00f5es associadas a infec\u00e7\u00e3o respirat\u00f3ria.<\/p>\n<p class=\"bodytext\">O \u00faltimo trabalho da atriz foi em Haja Cora\u00e7\u00e3o, como Dona Marieta, em 2016. A morte dela acontece apenas dois meses ap\u00f3s a morte de seu filho. Na TV Globo, seu primeiro trabalho foi em 1989, na novela &#8220;Que Rei Sou Eu?&#8221;, como Ama Zefa. Ela tamb\u00e9m foi a av\u00f3 do Menino Maluquinho na vers\u00e3o para o cinema, em 1994.<\/p>\n","protected":false},"excerpt":{"rendered":"<p>M\u00e3e do ator e diretor Jorge Fernando, a atriz Hilda Rebello, 95 anos, morreu neste domingo, no Rio de Janeiro, dois meses depois da morte do filho.\u00a0Ela estava internada com um quadro complicado de infec\u00e7\u00e3o respirat\u00f3ria no Centro de Terapia Intensiva (CTI) do o Hospital Pr\u00f3-Card\u00edaco, no bairro do Botafogo, no Rio de Janeiro. O [&hellip;]<\/p>\n","protected":false},"author":2,"featured_media":84394,"comment_status":"open","ping_status":"open","sticky":false,"template":"","format":"standard","meta":{"footnotes":"","_links_to":"","_links_to_target":""},"categories":[1],"tags":[],"class_list":["post-84393","post","type-post","status-publish","format-standard","has-post-thumbnail","hentry","category-geral"],"views":780,"_links":{"self":[{"href":"https:\/\/www.sudoestehoje.com.br\/novoportal\/wp-json\/wp\/v2\/posts\/84393","targetHints":{"allow":["GET"]}}],"collection":[{"href":"https:\/\/www.sudoestehoje.com.br\/novoportal\/wp-json\/wp\/v2\/posts"}],"about":[{"href":"https:\/\/www.sudoestehoje.com.br\/novoportal\/wp-json\/wp\/v2\/types\/post"}],"author":[{"embeddable":true,"href":"https:\/\/www.sudoestehoje.com.br\/novoportal\/wp-json\/wp\/v2\/users\/2"}],"replies":[{"embeddable":true,"href":"https:\/\/www.sudoestehoje.com.br\/novoportal\/wp-json\/wp\/v2\/comments?post=84393"}],"version-history":[{"count":2,"href":"https:\/\/www.sudoestehoje.com.br\/novoportal\/wp-json\/wp\/v2\/posts\/84393\/revisions"}],"predecessor-version":[{"id":84396,"href":"https:\/\/www.sudoestehoje.com.br\/novoportal\/wp-json\/wp\/v2\/posts\/84393\/revisions\/84396"}],"wp:featuredmedia":[{"embeddable":true,"href":"https:\/\/www.sudoestehoje.com.br\/novoportal\/wp-json\/wp\/v2\/media\/84394"}],"wp:attachment":[{"href":"https:\/\/www.sudoestehoje.com.br\/novoportal\/wp-json\/wp\/v2\/media?parent=84393"}],"wp:term":[{"taxonomy":"category","embeddable":true,"href":"https:\/\/www.sudoestehoje.com.br\/novoportal\/wp-json\/wp\/v2\/categories?post=84393"},{"taxonomy":"post_tag","embeddable":true,"href":"https:\/\/www.sudoestehoje.com.br\/novoportal\/wp-json\/wp\/v2\/tags?post=84393"}],"curies":[{"name":"wp","href":"https:\/\/api.w.org\/{rel}","templated":true}]}}