
{"id":84385,"date":"2019-12-27T20:56:55","date_gmt":"2019-12-27T23:56:55","guid":{"rendered":"https:\/\/www.sudoestehoje.com.br\/novoportal\/?p=84385"},"modified":"2019-12-27T20:56:55","modified_gmt":"2019-12-27T23:56:55","slug":"governo-federal-derruba-valores-do-dpvat-em-ate-86-para-2020","status":"publish","type":"post","link":"https:\/\/www.sudoestehoje.com.br\/novoportal\/2019\/12\/27\/governo-federal-derruba-valores-do-dpvat-em-ate-86-para-2020\/","title":{"rendered":"GOVERNO FEDERAL DERRUBA VALORES DO DPVAT EM AT\u00c9 86% PARA 2020"},"content":{"rendered":"<p><a href=\"https:\/\/www.sudoestehoje.com.br\/novoportal\/wp-content\/uploads\/2019\/12\/SEGURO.jpg\"><img loading=\"lazy\" decoding=\"async\" class=\"aligncenter size-medium wp-image-84386\" src=\"https:\/\/www.sudoestehoje.com.br\/novoportal\/wp-content\/uploads\/2019\/12\/SEGURO-500x302.jpg\" alt=\"\" width=\"500\" height=\"302\" srcset=\"https:\/\/www.sudoestehoje.com.br\/novoportal\/wp-content\/uploads\/2019\/12\/SEGURO-500x302.jpg 500w, https:\/\/www.sudoestehoje.com.br\/novoportal\/wp-content\/uploads\/2019\/12\/SEGURO.jpg 696w\" sizes=\"auto, (max-width: 500px) 100vw, 500px\" \/><\/a><\/p>\n<p>O Governo Federal, por meio do Conselho Nacional de Seguros Privados (CNSP) acatou a proposta da Superintend\u00eancia de Seguros Privados (Susep) que reduz o pr\u00eamio (valor a ser pago) do Seguro de Danos Pessoais Causados por Ve\u00edculos Automotores de Via Terrestre (DPVAT) para 2020.<\/p>\n<p>Com a decis\u00e3o, os valores do DPVAT ca\u00edram 68% para carros de passeio e t\u00e1xis e 86% para motocicletas. Para o ano que vem, os pre\u00e7os ficaram em <strong><em>R$ 5,21 e R$ 12,25. <\/em><\/strong><\/p>\n<p>Segundo a superintendente do CNSP, Solange Vieira, a redu\u00e7\u00e3o se deve a problemas de corrup\u00e7\u00e3o nos \u00faltimos anos, que levaram a uma precifica\u00e7\u00e3o errada no valor do seguro fazendo com que os consumidores pagassem pr\u00eamios bem acima do valor adequado.<\/p>\n","protected":false},"excerpt":{"rendered":"<p>O Governo Federal, por meio do Conselho Nacional de Seguros Privados (CNSP) acatou a proposta da Superintend\u00eancia de Seguros Privados (Susep) que reduz o pr\u00eamio (valor a ser pago) do Seguro de Danos Pessoais Causados por Ve\u00edculos Automotores de Via Terrestre (DPVAT) para 2020. Com a decis\u00e3o, os valores do DPVAT ca\u00edram 68% para carros [&hellip;]<\/p>\n","protected":false},"author":2,"featured_media":84386,"comment_status":"open","ping_status":"open","sticky":false,"template":"","format":"standard","meta":{"footnotes":"","_links_to":"","_links_to_target":""},"categories":[1],"tags":[],"class_list":["post-84385","post","type-post","status-publish","format-standard","has-post-thumbnail","hentry","category-geral"],"views":854,"_links":{"self":[{"href":"https:\/\/www.sudoestehoje.com.br\/novoportal\/wp-json\/wp\/v2\/posts\/84385","targetHints":{"allow":["GET"]}}],"collection":[{"href":"https:\/\/www.sudoestehoje.com.br\/novoportal\/wp-json\/wp\/v2\/posts"}],"about":[{"href":"https:\/\/www.sudoestehoje.com.br\/novoportal\/wp-json\/wp\/v2\/types\/post"}],"author":[{"embeddable":true,"href":"https:\/\/www.sudoestehoje.com.br\/novoportal\/wp-json\/wp\/v2\/users\/2"}],"replies":[{"embeddable":true,"href":"https:\/\/www.sudoestehoje.com.br\/novoportal\/wp-json\/wp\/v2\/comments?post=84385"}],"version-history":[{"count":1,"href":"https:\/\/www.sudoestehoje.com.br\/novoportal\/wp-json\/wp\/v2\/posts\/84385\/revisions"}],"predecessor-version":[{"id":84387,"href":"https:\/\/www.sudoestehoje.com.br\/novoportal\/wp-json\/wp\/v2\/posts\/84385\/revisions\/84387"}],"wp:featuredmedia":[{"embeddable":true,"href":"https:\/\/www.sudoestehoje.com.br\/novoportal\/wp-json\/wp\/v2\/media\/84386"}],"wp:attachment":[{"href":"https:\/\/www.sudoestehoje.com.br\/novoportal\/wp-json\/wp\/v2\/media?parent=84385"}],"wp:term":[{"taxonomy":"category","embeddable":true,"href":"https:\/\/www.sudoestehoje.com.br\/novoportal\/wp-json\/wp\/v2\/categories?post=84385"},{"taxonomy":"post_tag","embeddable":true,"href":"https:\/\/www.sudoestehoje.com.br\/novoportal\/wp-json\/wp\/v2\/tags?post=84385"}],"curies":[{"name":"wp","href":"https:\/\/api.w.org\/{rel}","templated":true}]}}