
{"id":84375,"date":"2019-12-26T21:16:03","date_gmt":"2019-12-27T00:16:03","guid":{"rendered":"https:\/\/www.sudoestehoje.com.br\/novoportal\/?p=84375"},"modified":"2019-12-26T21:17:49","modified_gmt":"2019-12-27T00:17:49","slug":"rui-costa-vai-fechar-escola-em-area-nobre-e-vender-terreno-para-construcao-de-luxo","status":"publish","type":"post","link":"https:\/\/www.sudoestehoje.com.br\/novoportal\/2019\/12\/26\/rui-costa-vai-fechar-escola-em-area-nobre-e-vender-terreno-para-construcao-de-luxo\/","title":{"rendered":"RUI COSTA VAI FECHAR ESCOLA EM \u00c1REA NOBRE E VENDER TERRENO PARA CONSTRU\u00c7\u00c3O DE LUXO"},"content":{"rendered":"<p><a href=\"https:\/\/www.sudoestehoje.com.br\/novoportal\/wp-content\/uploads\/2019\/12\/ODORICO-1.jpg\"><img loading=\"lazy\" decoding=\"async\" class=\"aligncenter size-medium wp-image-84379\" src=\"https:\/\/www.sudoestehoje.com.br\/novoportal\/wp-content\/uploads\/2019\/12\/ODORICO-1-500x297.jpg\" alt=\"\" width=\"500\" height=\"297\" srcset=\"https:\/\/www.sudoestehoje.com.br\/novoportal\/wp-content\/uploads\/2019\/12\/ODORICO-1-500x297.jpg 500w, https:\/\/www.sudoestehoje.com.br\/novoportal\/wp-content\/uploads\/2019\/12\/ODORICO-1-700x415.jpg 700w, https:\/\/www.sudoestehoje.com.br\/novoportal\/wp-content\/uploads\/2019\/12\/ODORICO-1.jpg 750w\" sizes=\"auto, (max-width: 500px) 100vw, 500px\" \/><\/a><\/p>\n<p>SALVADOR &#8211; O governador Rui Costa (PT) anunciou nesta quinta-feira (26) \u00a0que de fato vai fechar o col\u00e9gio Odorico Tavares, no Corredor da Vit\u00f3ria, em Salvador.<\/p>\n<p>Rui Costa disse que o local do col\u00e9gio faz com que a popula\u00e7\u00e3o que utiliza o equipamento gaste muito. &#8220;As pessoas moram na comunidade e t\u00eam que gastar dinheiro de transporte para ir l\u00e1&#8221;, \u00a0disse em entrevista\u00a0na TV Record.<\/p>\n<p>Para o governador, a \u00e1rea do col\u00e9gio ser\u00e1 vendida. O im\u00f3vel fica localizado em uma \u00e1rea nobre da capital baiana. O pagamento ao governo deve ser feito com a constru\u00e7\u00e3o de novos col\u00e9gios, por\u00e9m, na periferia. &#8220;A empresa que me entregar mais escolas, seis, sete, oito, vai levar&#8221;, explicou.<\/p>\n<p>Setores da educa\u00e7\u00e3o, no entanto, criticam o fechamento da escola. Tradicional unidade escolar, o col\u00e9gio deve ser vendido para um empreendimento de alto padr\u00e3o, nos moldes dos j\u00e1 existentes no Corredor da Vit\u00f3ria.<\/p>\n<p>A \u00e1rea da institui\u00e7\u00e3o de ensino sempre foi alvo de cr\u00edticas de setores abastados da sociedade, que n\u00e3o enxergavam a presen\u00e7a dos estudantes com bons olhos. Representantes da comunidade escolar observam que o tratamento dado por Rui a escolas e col\u00e9gios antigos sinalizam certo descaso com o setor.<\/p>\n","protected":false},"excerpt":{"rendered":"<p>SALVADOR &#8211; O governador Rui Costa (PT) anunciou nesta quinta-feira (26) \u00a0que de fato vai fechar o col\u00e9gio Odorico Tavares, no Corredor da Vit\u00f3ria, em Salvador. Rui Costa disse que o local do col\u00e9gio faz com que a popula\u00e7\u00e3o que utiliza o equipamento gaste muito. &#8220;As pessoas moram na comunidade e t\u00eam que gastar dinheiro [&hellip;]<\/p>\n","protected":false},"author":2,"featured_media":84379,"comment_status":"open","ping_status":"open","sticky":false,"template":"","format":"standard","meta":{"footnotes":"","_links_to":"","_links_to_target":""},"categories":[1],"tags":[],"class_list":["post-84375","post","type-post","status-publish","format-standard","has-post-thumbnail","hentry","category-geral"],"views":914,"_links":{"self":[{"href":"https:\/\/www.sudoestehoje.com.br\/novoportal\/wp-json\/wp\/v2\/posts\/84375","targetHints":{"allow":["GET"]}}],"collection":[{"href":"https:\/\/www.sudoestehoje.com.br\/novoportal\/wp-json\/wp\/v2\/posts"}],"about":[{"href":"https:\/\/www.sudoestehoje.com.br\/novoportal\/wp-json\/wp\/v2\/types\/post"}],"author":[{"embeddable":true,"href":"https:\/\/www.sudoestehoje.com.br\/novoportal\/wp-json\/wp\/v2\/users\/2"}],"replies":[{"embeddable":true,"href":"https:\/\/www.sudoestehoje.com.br\/novoportal\/wp-json\/wp\/v2\/comments?post=84375"}],"version-history":[{"count":4,"href":"https:\/\/www.sudoestehoje.com.br\/novoportal\/wp-json\/wp\/v2\/posts\/84375\/revisions"}],"predecessor-version":[{"id":84380,"href":"https:\/\/www.sudoestehoje.com.br\/novoportal\/wp-json\/wp\/v2\/posts\/84375\/revisions\/84380"}],"wp:featuredmedia":[{"embeddable":true,"href":"https:\/\/www.sudoestehoje.com.br\/novoportal\/wp-json\/wp\/v2\/media\/84379"}],"wp:attachment":[{"href":"https:\/\/www.sudoestehoje.com.br\/novoportal\/wp-json\/wp\/v2\/media?parent=84375"}],"wp:term":[{"taxonomy":"category","embeddable":true,"href":"https:\/\/www.sudoestehoje.com.br\/novoportal\/wp-json\/wp\/v2\/categories?post=84375"},{"taxonomy":"post_tag","embeddable":true,"href":"https:\/\/www.sudoestehoje.com.br\/novoportal\/wp-json\/wp\/v2\/tags?post=84375"}],"curies":[{"name":"wp","href":"https:\/\/api.w.org\/{rel}","templated":true}]}}