
{"id":8436,"date":"2011-09-08T22:34:30","date_gmt":"2011-09-09T01:34:30","guid":{"rendered":"http:\/\/www.sudoestehoje.com.br\/novoportal\/?p=8436"},"modified":"2011-09-12T00:32:39","modified_gmt":"2011-09-12T03:32:39","slug":"8436","status":"publish","type":"post","link":"https:\/\/www.sudoestehoje.com.br\/novoportal\/2011\/09\/08\/8436\/","title":{"rendered":"MOBILIZA\u00c7\u00c3O SOCIAL"},"content":{"rendered":"<p>15 de setembro, \u00e0s 14h, no Centro de Cultura de Vit\u00f3ria da Conquista \u00e9 a assembl\u00e9ia itinerante. Vamos nos mobilizar para pressionar o deputados a votarem o projeto que cria a Regi\u00e3o Metropolitana de Conquista. Vamos mostrar a grande for\u00e7a das redes sociais!!!<\/p>\n<p style=\"text-align: center;\"><a href=\"http:\/\/www.sudoestehoje.com.br\/novoportal\/wp-content\/uploads\/2011\/09\/SOU-MAIS-CONQUISTA.jpg\"><img decoding=\"async\" class=\"aligncenter size-medium wp-image-8437\" title=\"SOU MAIS CONQUISTA\" src=\"http:\/\/www.sudoestehoje.com.br\/novoportal\/wp-content\/uploads\/2011\/09\/SOU-MAIS-CONQUISTA-500x303.jpg\" alt=\"\" width=\"400\" srcset=\"https:\/\/www.sudoestehoje.com.br\/novoportal\/wp-content\/uploads\/2011\/09\/SOU-MAIS-CONQUISTA-500x303.jpg 500w, https:\/\/www.sudoestehoje.com.br\/novoportal\/wp-content\/uploads\/2011\/09\/SOU-MAIS-CONQUISTA.jpg 1024w\" sizes=\"(max-width: 500px) 100vw, 500px\" \/><\/a><\/p>\n","protected":false},"excerpt":{"rendered":"<p>15 de setembro, \u00e0s 14h, no Centro de Cultura de Vit\u00f3ria da Conquista \u00e9 a assembl\u00e9ia itinerante. Vamos nos mobilizar para pressionar o deputados a votarem o projeto que cria a Regi\u00e3o Metropolitana de Conquista. Vamos mostrar a grande for\u00e7a das redes sociais!!!<\/p>\n","protected":false},"author":2,"featured_media":0,"comment_status":"open","ping_status":"open","sticky":false,"template":"","format":"standard","meta":{"footnotes":"","_links_to":"","_links_to_target":""},"categories":[1],"tags":[],"class_list":["post-8436","post","type-post","status-publish","format-standard","hentry","category-geral"],"views":1214,"_links":{"self":[{"href":"https:\/\/www.sudoestehoje.com.br\/novoportal\/wp-json\/wp\/v2\/posts\/8436","targetHints":{"allow":["GET"]}}],"collection":[{"href":"https:\/\/www.sudoestehoje.com.br\/novoportal\/wp-json\/wp\/v2\/posts"}],"about":[{"href":"https:\/\/www.sudoestehoje.com.br\/novoportal\/wp-json\/wp\/v2\/types\/post"}],"author":[{"embeddable":true,"href":"https:\/\/www.sudoestehoje.com.br\/novoportal\/wp-json\/wp\/v2\/users\/2"}],"replies":[{"embeddable":true,"href":"https:\/\/www.sudoestehoje.com.br\/novoportal\/wp-json\/wp\/v2\/comments?post=8436"}],"version-history":[{"count":4,"href":"https:\/\/www.sudoestehoje.com.br\/novoportal\/wp-json\/wp\/v2\/posts\/8436\/revisions"}],"predecessor-version":[{"id":8576,"href":"https:\/\/www.sudoestehoje.com.br\/novoportal\/wp-json\/wp\/v2\/posts\/8436\/revisions\/8576"}],"wp:attachment":[{"href":"https:\/\/www.sudoestehoje.com.br\/novoportal\/wp-json\/wp\/v2\/media?parent=8436"}],"wp:term":[{"taxonomy":"category","embeddable":true,"href":"https:\/\/www.sudoestehoje.com.br\/novoportal\/wp-json\/wp\/v2\/categories?post=8436"},{"taxonomy":"post_tag","embeddable":true,"href":"https:\/\/www.sudoestehoje.com.br\/novoportal\/wp-json\/wp\/v2\/tags?post=8436"}],"curies":[{"name":"wp","href":"https:\/\/api.w.org\/{rel}","templated":true}]}}