
{"id":843,"date":"2010-10-02T20:05:46","date_gmt":"2010-10-02T23:05:46","guid":{"rendered":"http:\/\/sudoestehoje.tempsite.ws\/novoportal\/?p=843"},"modified":"2010-10-02T20:34:11","modified_gmt":"2010-10-02T23:34:11","slug":"levou-bolacha","status":"publish","type":"post","link":"https:\/\/www.sudoestehoje.com.br\/novoportal\/2010\/10\/02\/levou-bolacha\/","title":{"rendered":"LEVOU &#8216;BOLACHA&#8217;"},"content":{"rendered":"<p style=\"text-align: center;\"><a href=\"http:\/\/www.google.com.br\/imgres?imgurl=http:\/\/1.bp.blogspot.com\/_Ad5CXbUSmzw\/THcD57GYC4I\/AAAAAAAAAM0\/gYMLc5AfsbM\/s1600\/bolacha_agua_e_sal.jpg&amp;imgrefurl=http:\/\/thathyy.blogspot.com\/&amp;usg=__fNVu1hC7ZEJ7sW2DdK0ERuBEon0=&amp;h=305&amp;w=400&amp;sz=32&amp;hl=pt-BR&amp;start=35&amp;zoom=1&amp;itbs=1&amp;tbnid=mYVrz8iy8sLJOM:&amp;tbnh=95&amp;tbnw=124&amp;prev=\/images%3Fq%3Dlevou%2Bbolacha%26start%3D20%26hl%3Dpt-BR%26sa%3DN%26gbv%3D2%26ndsp%3D20%26tbs%3Disch:1\"><img loading=\"lazy\" decoding=\"async\" class=\"aligncenter\" src=\"http:\/\/t3.gstatic.com\/images?q=tbn:mYVrz8iy8sLJOM:http:\/\/1.bp.blogspot.com\/_Ad5CXbUSmzw\/THcD57GYC4I\/AAAAAAAAAM0\/gYMLc5AfsbM\/s1600\/bolacha_agua_e_sal.jpg\" alt=\"\" width=\"124\" height=\"95\" \/><\/a><\/p>\n<p>T\u00e1 rolando um papo de que o pau comeu, hoje a tarde, no &#8216;Bar de Ti\u00e3o&#8217;, local de lazer do prefeito Z\u00e9 Carlos. Pelo que contam, &#8216;Dadai dos Biscoitos&#8217; se desentendeu com o locutor Amaral e lhe aplicou umas &#8216;bolachas&#8217; nas brocas dos ouvidos. Amaral, que tamb\u00e9m \u00e9 &#8216;Ouvidor Municipal&#8217;, ficou meio surdo e vai ter que se licenciar do cargo, pois n\u00e3o consegue ouvir nada. Quem apartou a briga foi o pr\u00f3prio Z\u00e9 Carlos e seu vereador de f\u00e9, Romildo Teixeira. N\u00e3o sei o motivo da briga, mas acho que Dadai tem raz\u00e3o&#8230;rsrsrs<\/p>\n","protected":false},"excerpt":{"rendered":"<p>T\u00e1 rolando um papo de que o pau comeu, hoje a tarde, no &#8216;Bar de Ti\u00e3o&#8217;, local de lazer do prefeito Z\u00e9 Carlos. Pelo que contam, &#8216;Dadai dos Biscoitos&#8217; se desentendeu com o locutor Amaral e lhe aplicou umas &#8216;bolachas&#8217; nas brocas dos ouvidos. Amaral, que tamb\u00e9m \u00e9 &#8216;Ouvidor Municipal&#8217;, ficou meio surdo e vai [&hellip;]<\/p>\n","protected":false},"author":2,"featured_media":0,"comment_status":"open","ping_status":"open","sticky":false,"template":"","format":"standard","meta":{"footnotes":"","_links_to":"","_links_to_target":""},"categories":[11],"tags":[],"class_list":["post-843","post","type-post","status-publish","format-standard","hentry","category-quentinhas"],"views":1364,"_links":{"self":[{"href":"https:\/\/www.sudoestehoje.com.br\/novoportal\/wp-json\/wp\/v2\/posts\/843","targetHints":{"allow":["GET"]}}],"collection":[{"href":"https:\/\/www.sudoestehoje.com.br\/novoportal\/wp-json\/wp\/v2\/posts"}],"about":[{"href":"https:\/\/www.sudoestehoje.com.br\/novoportal\/wp-json\/wp\/v2\/types\/post"}],"author":[{"embeddable":true,"href":"https:\/\/www.sudoestehoje.com.br\/novoportal\/wp-json\/wp\/v2\/users\/2"}],"replies":[{"embeddable":true,"href":"https:\/\/www.sudoestehoje.com.br\/novoportal\/wp-json\/wp\/v2\/comments?post=843"}],"version-history":[{"count":4,"href":"https:\/\/www.sudoestehoje.com.br\/novoportal\/wp-json\/wp\/v2\/posts\/843\/revisions"}],"predecessor-version":[{"id":848,"href":"https:\/\/www.sudoestehoje.com.br\/novoportal\/wp-json\/wp\/v2\/posts\/843\/revisions\/848"}],"wp:attachment":[{"href":"https:\/\/www.sudoestehoje.com.br\/novoportal\/wp-json\/wp\/v2\/media?parent=843"}],"wp:term":[{"taxonomy":"category","embeddable":true,"href":"https:\/\/www.sudoestehoje.com.br\/novoportal\/wp-json\/wp\/v2\/categories?post=843"},{"taxonomy":"post_tag","embeddable":true,"href":"https:\/\/www.sudoestehoje.com.br\/novoportal\/wp-json\/wp\/v2\/tags?post=843"}],"curies":[{"name":"wp","href":"https:\/\/api.w.org\/{rel}","templated":true}]}}