
{"id":84286,"date":"2019-12-19T20:40:53","date_gmt":"2019-12-19T23:40:53","guid":{"rendered":"https:\/\/www.sudoestehoje.com.br\/novoportal\/?p=84286"},"modified":"2019-12-19T20:40:53","modified_gmt":"2019-12-19T23:40:53","slug":"potiragua-morre-em-ilheus-o-empresario-e-politico-magno-santos","status":"publish","type":"post","link":"https:\/\/www.sudoestehoje.com.br\/novoportal\/2019\/12\/19\/potiragua-morre-em-ilheus-o-empresario-e-politico-magno-santos\/","title":{"rendered":"POTIRAGU\u00c1: MORRE EM ILH\u00c9US O EMPRES\u00c1RIO E POL\u00cdTICO MAGNO SANTOS"},"content":{"rendered":"<p><a href=\"https:\/\/www.sudoestehoje.com.br\/novoportal\/wp-content\/uploads\/2019\/12\/magno-santos.jpg\"><img loading=\"lazy\" decoding=\"async\" class=\"aligncenter size-full wp-image-84287\" src=\"https:\/\/www.sudoestehoje.com.br\/novoportal\/wp-content\/uploads\/2019\/12\/magno-santos.jpg\" alt=\"\" width=\"460\" height=\"418\" \/><\/a><\/p>\n<p>Faleceu, na tarde desta quinta-feira (19), em Ilh\u00e9us, o empres\u00e1rio Magno Santos Silva. Acometido de uma infec\u00e7\u00e3o dent\u00e1ria, Magno deu entrada em um hospital da cidade, mas o quadro se agravou e ele acabou vindo a \u00f3bito.<\/p>\n<p>Magno Santos atuou por muito tempo na pol\u00edtica do Sul da Bahia, foi vereador em Potiragu\u00e1, sua cidade natal, al\u00e9m de ser por muito tempo secret\u00e1rio geral da Amurc e atuar no marketing pol\u00edtico.<\/p>\n<p>Articulador h\u00e1bil e influente, Magno participou da gest\u00e3o do ex-prefeito Jo\u00e3o Biquini, em Potiragu\u00e1, exercendo o cargo de Assessor de Comunica\u00e7\u00e3o no per\u00edodo de 1997 a 2000.<\/p>\n<p>At\u00e9 o momento n\u00e3o h\u00e1 informa\u00e7\u00e3o sobre vel\u00f3rio e sepultamento.<\/p>\n<p>O Sudoeste Hoje manifesta aos seus familiares o seu imenso pesar pela perda irrepar\u00e1vel do amigo e companheiro Magno Santos.<\/p>\n<p><strong><em>Davi Ferraz &#8211; Editor<\/em><\/strong><\/p>\n","protected":false},"excerpt":{"rendered":"<p>Faleceu, na tarde desta quinta-feira (19), em Ilh\u00e9us, o empres\u00e1rio Magno Santos Silva. Acometido de uma infec\u00e7\u00e3o dent\u00e1ria, Magno deu entrada em um hospital da cidade, mas o quadro se agravou e ele acabou vindo a \u00f3bito. Magno Santos atuou por muito tempo na pol\u00edtica do Sul da Bahia, foi vereador em Potiragu\u00e1, sua cidade [&hellip;]<\/p>\n","protected":false},"author":2,"featured_media":84287,"comment_status":"open","ping_status":"open","sticky":false,"template":"","format":"standard","meta":{"footnotes":"","_links_to":"","_links_to_target":""},"categories":[1],"tags":[],"class_list":["post-84286","post","type-post","status-publish","format-standard","has-post-thumbnail","hentry","category-geral"],"views":1085,"_links":{"self":[{"href":"https:\/\/www.sudoestehoje.com.br\/novoportal\/wp-json\/wp\/v2\/posts\/84286","targetHints":{"allow":["GET"]}}],"collection":[{"href":"https:\/\/www.sudoestehoje.com.br\/novoportal\/wp-json\/wp\/v2\/posts"}],"about":[{"href":"https:\/\/www.sudoestehoje.com.br\/novoportal\/wp-json\/wp\/v2\/types\/post"}],"author":[{"embeddable":true,"href":"https:\/\/www.sudoestehoje.com.br\/novoportal\/wp-json\/wp\/v2\/users\/2"}],"replies":[{"embeddable":true,"href":"https:\/\/www.sudoestehoje.com.br\/novoportal\/wp-json\/wp\/v2\/comments?post=84286"}],"version-history":[{"count":3,"href":"https:\/\/www.sudoestehoje.com.br\/novoportal\/wp-json\/wp\/v2\/posts\/84286\/revisions"}],"predecessor-version":[{"id":84290,"href":"https:\/\/www.sudoestehoje.com.br\/novoportal\/wp-json\/wp\/v2\/posts\/84286\/revisions\/84290"}],"wp:featuredmedia":[{"embeddable":true,"href":"https:\/\/www.sudoestehoje.com.br\/novoportal\/wp-json\/wp\/v2\/media\/84287"}],"wp:attachment":[{"href":"https:\/\/www.sudoestehoje.com.br\/novoportal\/wp-json\/wp\/v2\/media?parent=84286"}],"wp:term":[{"taxonomy":"category","embeddable":true,"href":"https:\/\/www.sudoestehoje.com.br\/novoportal\/wp-json\/wp\/v2\/categories?post=84286"},{"taxonomy":"post_tag","embeddable":true,"href":"https:\/\/www.sudoestehoje.com.br\/novoportal\/wp-json\/wp\/v2\/tags?post=84286"}],"curies":[{"name":"wp","href":"https:\/\/api.w.org\/{rel}","templated":true}]}}