
{"id":84282,"date":"2019-12-19T20:02:57","date_gmt":"2019-12-19T23:02:57","guid":{"rendered":"https:\/\/www.sudoestehoje.com.br\/novoportal\/?p=84282"},"modified":"2019-12-19T20:05:13","modified_gmt":"2019-12-19T23:05:13","slug":"luto-morre-em-vitoria-da-conquista-a-jovem-carolina-ferraz-saliba","status":"publish","type":"post","link":"https:\/\/www.sudoestehoje.com.br\/novoportal\/2019\/12\/19\/luto-morre-em-vitoria-da-conquista-a-jovem-carolina-ferraz-saliba\/","title":{"rendered":"LUTO: MORRE EM VIT\u00d3RIA DA CONQUISTA A JOVEM CAROLINA FERRAZ SALIBA"},"content":{"rendered":"<p><a href=\"https:\/\/www.sudoestehoje.com.br\/novoportal\/wp-content\/uploads\/2019\/12\/carolina-ferraz.jpg\"><img loading=\"lazy\" decoding=\"async\" class=\"aligncenter size-medium wp-image-84283\" src=\"https:\/\/www.sudoestehoje.com.br\/novoportal\/wp-content\/uploads\/2019\/12\/carolina-ferraz-500x336.jpg\" alt=\"\" width=\"500\" height=\"336\" srcset=\"https:\/\/www.sudoestehoje.com.br\/novoportal\/wp-content\/uploads\/2019\/12\/carolina-ferraz-500x336.jpg 500w, https:\/\/www.sudoestehoje.com.br\/novoportal\/wp-content\/uploads\/2019\/12\/carolina-ferraz-768x516.jpg 768w, https:\/\/www.sudoestehoje.com.br\/novoportal\/wp-content\/uploads\/2019\/12\/carolina-ferraz-700x471.jpg 700w, https:\/\/www.sudoestehoje.com.br\/novoportal\/wp-content\/uploads\/2019\/12\/carolina-ferraz.jpg 800w\" sizes=\"auto, (max-width: 500px) 100vw, 500px\" \/><\/a><\/p>\n<p>Faleceu, em Vit\u00f3ria da Conquista, Carolina Ferraz de Oliveira Saliba, filha dos itapetinguenses Paulo Saliba e Jaciane Ferraz de Oliveira, Diretora Administrativa da Secretaria Municipal de Sa\u00fade de Conquista.<\/p>\n<p>Carolina tinha 39 anos e faleceu na noite de quarta-feira (18), em raz\u00e3o de um infarto fulminante. O corpo est\u00e1 sendo velado na Associa\u00e7\u00e3o de Moradores do Bem Querer.<\/p>\n<p>O Sudoeste Hoje manifesta o seu imenso pesar pela irrepar\u00e1vel perda da jovem Carolina, aos parentes e amigos das fam\u00edlias Ferraz e Saliba, que tanto estimamos.<\/p>\n<p><strong><em>Davi Ferraz &#8211; Editor<\/em><\/strong><\/p>\n","protected":false},"excerpt":{"rendered":"<p>Faleceu, em Vit\u00f3ria da Conquista, Carolina Ferraz de Oliveira Saliba, filha dos itapetinguenses Paulo Saliba e Jaciane Ferraz de Oliveira, Diretora Administrativa da Secretaria Municipal de Sa\u00fade de Conquista. Carolina tinha 39 anos e faleceu na noite de quarta-feira (18), em raz\u00e3o de um infarto fulminante. O corpo est\u00e1 sendo velado na Associa\u00e7\u00e3o de Moradores [&hellip;]<\/p>\n","protected":false},"author":2,"featured_media":84283,"comment_status":"open","ping_status":"open","sticky":false,"template":"","format":"standard","meta":{"footnotes":"","_links_to":"","_links_to_target":""},"categories":[1],"tags":[],"class_list":["post-84282","post","type-post","status-publish","format-standard","has-post-thumbnail","hentry","category-geral"],"views":1127,"_links":{"self":[{"href":"https:\/\/www.sudoestehoje.com.br\/novoportal\/wp-json\/wp\/v2\/posts\/84282","targetHints":{"allow":["GET"]}}],"collection":[{"href":"https:\/\/www.sudoestehoje.com.br\/novoportal\/wp-json\/wp\/v2\/posts"}],"about":[{"href":"https:\/\/www.sudoestehoje.com.br\/novoportal\/wp-json\/wp\/v2\/types\/post"}],"author":[{"embeddable":true,"href":"https:\/\/www.sudoestehoje.com.br\/novoportal\/wp-json\/wp\/v2\/users\/2"}],"replies":[{"embeddable":true,"href":"https:\/\/www.sudoestehoje.com.br\/novoportal\/wp-json\/wp\/v2\/comments?post=84282"}],"version-history":[{"count":2,"href":"https:\/\/www.sudoestehoje.com.br\/novoportal\/wp-json\/wp\/v2\/posts\/84282\/revisions"}],"predecessor-version":[{"id":84285,"href":"https:\/\/www.sudoestehoje.com.br\/novoportal\/wp-json\/wp\/v2\/posts\/84282\/revisions\/84285"}],"wp:featuredmedia":[{"embeddable":true,"href":"https:\/\/www.sudoestehoje.com.br\/novoportal\/wp-json\/wp\/v2\/media\/84283"}],"wp:attachment":[{"href":"https:\/\/www.sudoestehoje.com.br\/novoportal\/wp-json\/wp\/v2\/media?parent=84282"}],"wp:term":[{"taxonomy":"category","embeddable":true,"href":"https:\/\/www.sudoestehoje.com.br\/novoportal\/wp-json\/wp\/v2\/categories?post=84282"},{"taxonomy":"post_tag","embeddable":true,"href":"https:\/\/www.sudoestehoje.com.br\/novoportal\/wp-json\/wp\/v2\/tags?post=84282"}],"curies":[{"name":"wp","href":"https:\/\/api.w.org\/{rel}","templated":true}]}}