
{"id":84264,"date":"2019-12-19T00:22:08","date_gmt":"2019-12-19T03:22:08","guid":{"rendered":"https:\/\/www.sudoestehoje.com.br\/novoportal\/?p=84264"},"modified":"2019-12-19T00:22:08","modified_gmt":"2019-12-19T03:22:08","slug":"ministerio-da-saude-libera-r12-bilhao-para-ampliar-servicos-de-saude-e-socorrer-as-santas-casas","status":"publish","type":"post","link":"https:\/\/www.sudoestehoje.com.br\/novoportal\/2019\/12\/19\/ministerio-da-saude-libera-r12-bilhao-para-ampliar-servicos-de-saude-e-socorrer-as-santas-casas\/","title":{"rendered":"MINIST\u00c9RIO DA SA\u00daDE LIBERA R$1,2 BILH\u00c3O PARA AMPLIAR SERVI\u00c7OS DE SA\u00daDE E SOCORRER AS SANTAS CASAS"},"content":{"rendered":"<p><a href=\"https:\/\/www.sudoestehoje.com.br\/novoportal\/wp-content\/uploads\/2019\/12\/SANTAS-CASAS-1.jpg\"><img loading=\"lazy\" decoding=\"async\" class=\"aligncenter size-medium wp-image-84267\" src=\"https:\/\/www.sudoestehoje.com.br\/novoportal\/wp-content\/uploads\/2019\/12\/SANTAS-CASAS-1-500x374.jpg\" alt=\"\" width=\"500\" height=\"374\" srcset=\"https:\/\/www.sudoestehoje.com.br\/novoportal\/wp-content\/uploads\/2019\/12\/SANTAS-CASAS-1-500x374.jpg 500w, https:\/\/www.sudoestehoje.com.br\/novoportal\/wp-content\/uploads\/2019\/12\/SANTAS-CASAS-1.jpg 611w\" sizes=\"auto, (max-width: 500px) 100vw, 500px\" \/><\/a>O ministro da Sa\u00fade Luiz Henrique Mandetta anunciou, nesta ter\u00e7a-feira (17), em Bras\u00edlia, a libera\u00e7\u00e3o de R$1,2 bilh\u00e3o em novos recursos voltados para ampliar e refor\u00e7ar os servi\u00e7os de sa\u00fade no Brasil, com habilita\u00e7\u00f5es de novos servi\u00e7os de alta e m\u00e9dia complexidade (MAC), al\u00e9m de investimentos na Aten\u00e7\u00e3o Prim\u00e1ria e Especializada.<\/p>\n<p>Deste montante, R$ 200 milh\u00f5es ser\u00e3o destinados a 1644 Santas Casas de todo o pa\u00eds.\u00a0A Bahia ser\u00e1 um dos estados contemplados com as medidas com o recebimento de R$92 milh\u00f5es a serem investidos nos hospitais filantr\u00f3picos e em habilita\u00e7\u00f5es de alta e m\u00e9dia complexidade.<\/p>\n<p><a href=\"https:\/\/www.sudoestehoje.com.br\/novoportal\/wp-content\/uploads\/2019\/12\/SANTAS-CASAS-2.jpg\"><img loading=\"lazy\" decoding=\"async\" class=\"aligncenter size-medium wp-image-84268\" src=\"https:\/\/www.sudoestehoje.com.br\/novoportal\/wp-content\/uploads\/2019\/12\/SANTAS-CASAS-2-500x375.jpg\" alt=\"\" width=\"500\" height=\"375\" srcset=\"https:\/\/www.sudoestehoje.com.br\/novoportal\/wp-content\/uploads\/2019\/12\/SANTAS-CASAS-2-500x375.jpg 500w, https:\/\/www.sudoestehoje.com.br\/novoportal\/wp-content\/uploads\/2019\/12\/SANTAS-CASAS-2-768x576.jpg 768w, https:\/\/www.sudoestehoje.com.br\/novoportal\/wp-content\/uploads\/2019\/12\/SANTAS-CASAS-2-700x525.jpg 700w, https:\/\/www.sudoestehoje.com.br\/novoportal\/wp-content\/uploads\/2019\/12\/SANTAS-CASAS-2.jpg 780w\" sizes=\"auto, (max-width: 500px) 100vw, 500px\" \/><\/a><\/p>\n<p>Em seu pronunciamento, durante a solenidade, o presidente da Frente Parlamentar das Santas Casas e Hospitais Filantr\u00f3picos, deputado federal <strong>Antonio Brito<\/strong>, celebrou a conquista para o setor:<em> &#8220;Diante do cen\u00e1rio de crise, esta a\u00e7\u00e3o do Minist\u00e9rio da Sa\u00fade foi de fundamental import\u00e2ncia para dar um f\u00f4lego \u00e0s entidades, inclusive com o an\u00fancio da continuidade da politica de recomposi\u00e7\u00e3o das Santas Casas no ano que vem&#8221;.<\/em><\/p>\n","protected":false},"excerpt":{"rendered":"<p>O ministro da Sa\u00fade Luiz Henrique Mandetta anunciou, nesta ter\u00e7a-feira (17), em Bras\u00edlia, a libera\u00e7\u00e3o de R$1,2 bilh\u00e3o em novos recursos voltados para ampliar e refor\u00e7ar os servi\u00e7os de sa\u00fade no Brasil, com habilita\u00e7\u00f5es de novos servi\u00e7os de alta e m\u00e9dia complexidade (MAC), al\u00e9m de investimentos na Aten\u00e7\u00e3o Prim\u00e1ria e Especializada. Deste montante, R$ 200 [&hellip;]<\/p>\n","protected":false},"author":2,"featured_media":84267,"comment_status":"open","ping_status":"open","sticky":false,"template":"","format":"standard","meta":{"footnotes":"","_links_to":"","_links_to_target":""},"categories":[1],"tags":[],"class_list":["post-84264","post","type-post","status-publish","format-standard","has-post-thumbnail","hentry","category-geral"],"views":645,"_links":{"self":[{"href":"https:\/\/www.sudoestehoje.com.br\/novoportal\/wp-json\/wp\/v2\/posts\/84264","targetHints":{"allow":["GET"]}}],"collection":[{"href":"https:\/\/www.sudoestehoje.com.br\/novoportal\/wp-json\/wp\/v2\/posts"}],"about":[{"href":"https:\/\/www.sudoestehoje.com.br\/novoportal\/wp-json\/wp\/v2\/types\/post"}],"author":[{"embeddable":true,"href":"https:\/\/www.sudoestehoje.com.br\/novoportal\/wp-json\/wp\/v2\/users\/2"}],"replies":[{"embeddable":true,"href":"https:\/\/www.sudoestehoje.com.br\/novoportal\/wp-json\/wp\/v2\/comments?post=84264"}],"version-history":[{"count":4,"href":"https:\/\/www.sudoestehoje.com.br\/novoportal\/wp-json\/wp\/v2\/posts\/84264\/revisions"}],"predecessor-version":[{"id":84270,"href":"https:\/\/www.sudoestehoje.com.br\/novoportal\/wp-json\/wp\/v2\/posts\/84264\/revisions\/84270"}],"wp:featuredmedia":[{"embeddable":true,"href":"https:\/\/www.sudoestehoje.com.br\/novoportal\/wp-json\/wp\/v2\/media\/84267"}],"wp:attachment":[{"href":"https:\/\/www.sudoestehoje.com.br\/novoportal\/wp-json\/wp\/v2\/media?parent=84264"}],"wp:term":[{"taxonomy":"category","embeddable":true,"href":"https:\/\/www.sudoestehoje.com.br\/novoportal\/wp-json\/wp\/v2\/categories?post=84264"},{"taxonomy":"post_tag","embeddable":true,"href":"https:\/\/www.sudoestehoje.com.br\/novoportal\/wp-json\/wp\/v2\/tags?post=84264"}],"curies":[{"name":"wp","href":"https:\/\/api.w.org\/{rel}","templated":true}]}}