
{"id":84250,"date":"2019-12-18T11:14:03","date_gmt":"2019-12-18T14:14:03","guid":{"rendered":"https:\/\/www.sudoestehoje.com.br\/novoportal\/?p=84250"},"modified":"2019-12-18T11:14:03","modified_gmt":"2019-12-18T14:14:03","slug":"goleiro-jean-ex-bahia-e-preso-nos-estados-unidos-acusado-de-agredir-esposa","status":"publish","type":"post","link":"https:\/\/www.sudoestehoje.com.br\/novoportal\/2019\/12\/18\/goleiro-jean-ex-bahia-e-preso-nos-estados-unidos-acusado-de-agredir-esposa\/","title":{"rendered":"GOLEIRO JEAN, EX-BAHIA, \u00c9 PRESO NOS ESTADOS UNIDOS ACUSADO DE AGREDIR ESPOSA"},"content":{"rendered":"<p><a href=\"https:\/\/www.sudoestehoje.com.br\/novoportal\/wp-content\/uploads\/2019\/12\/JEAN-GOLEIRO.jpg\"><img loading=\"lazy\" decoding=\"async\" class=\"aligncenter size-medium wp-image-84251\" src=\"https:\/\/www.sudoestehoje.com.br\/novoportal\/wp-content\/uploads\/2019\/12\/JEAN-GOLEIRO-500x281.jpg\" alt=\"\" width=\"500\" height=\"281\" srcset=\"https:\/\/www.sudoestehoje.com.br\/novoportal\/wp-content\/uploads\/2019\/12\/JEAN-GOLEIRO-500x281.jpg 500w, https:\/\/www.sudoestehoje.com.br\/novoportal\/wp-content\/uploads\/2019\/12\/JEAN-GOLEIRO-768x431.jpg 768w, https:\/\/www.sudoestehoje.com.br\/novoportal\/wp-content\/uploads\/2019\/12\/JEAN-GOLEIRO-700x393.jpg 700w, https:\/\/www.sudoestehoje.com.br\/novoportal\/wp-content\/uploads\/2019\/12\/JEAN-GOLEIRO.jpg 890w\" sizes=\"auto, (max-width: 500px) 100vw, 500px\" \/><\/a><\/p>\n<p>Depois de ser acusado de agredir a esposa em um hotel nos Estados Unidos<a href=\"https:\/\/www.bnews.com.br\/noticias\/principal\/policia\/254020,ex-goleiro-do-bahia-e-acusado-de-agredir-esposa-veja-video.html\" target=\"_blank\" rel=\"noopener noreferrer\">,<\/a> onde passa f\u00e9rias junto com as filhas, o goleiro Jean foi preso, segundo informa\u00e7\u00f5es divulgadas pelo Globoesporte.com.<\/p>\n<p>De acordo com a publica\u00e7\u00e3o, a ficha do ex-jogador do Bahia, atualmente no S\u00e3o Paulo, consta no sistema do Departamento de Corre\u00e7\u00f5es do Condado de Orange, na Florida, sendo pr\u00e9-sentenciado por viol\u00eancia dom\u00e9stica.<\/p>\n","protected":false},"excerpt":{"rendered":"<p>Depois de ser acusado de agredir a esposa em um hotel nos Estados Unidos, onde passa f\u00e9rias junto com as filhas, o goleiro Jean foi preso, segundo informa\u00e7\u00f5es divulgadas pelo Globoesporte.com. De acordo com a publica\u00e7\u00e3o, a ficha do ex-jogador do Bahia, atualmente no S\u00e3o Paulo, consta no sistema do Departamento de Corre\u00e7\u00f5es do Condado [&hellip;]<\/p>\n","protected":false},"author":2,"featured_media":84251,"comment_status":"open","ping_status":"open","sticky":false,"template":"","format":"standard","meta":{"footnotes":"","_links_to":"","_links_to_target":""},"categories":[1],"tags":[],"class_list":["post-84250","post","type-post","status-publish","format-standard","has-post-thumbnail","hentry","category-geral"],"views":949,"_links":{"self":[{"href":"https:\/\/www.sudoestehoje.com.br\/novoportal\/wp-json\/wp\/v2\/posts\/84250","targetHints":{"allow":["GET"]}}],"collection":[{"href":"https:\/\/www.sudoestehoje.com.br\/novoportal\/wp-json\/wp\/v2\/posts"}],"about":[{"href":"https:\/\/www.sudoestehoje.com.br\/novoportal\/wp-json\/wp\/v2\/types\/post"}],"author":[{"embeddable":true,"href":"https:\/\/www.sudoestehoje.com.br\/novoportal\/wp-json\/wp\/v2\/users\/2"}],"replies":[{"embeddable":true,"href":"https:\/\/www.sudoestehoje.com.br\/novoportal\/wp-json\/wp\/v2\/comments?post=84250"}],"version-history":[{"count":2,"href":"https:\/\/www.sudoestehoje.com.br\/novoportal\/wp-json\/wp\/v2\/posts\/84250\/revisions"}],"predecessor-version":[{"id":84253,"href":"https:\/\/www.sudoestehoje.com.br\/novoportal\/wp-json\/wp\/v2\/posts\/84250\/revisions\/84253"}],"wp:featuredmedia":[{"embeddable":true,"href":"https:\/\/www.sudoestehoje.com.br\/novoportal\/wp-json\/wp\/v2\/media\/84251"}],"wp:attachment":[{"href":"https:\/\/www.sudoestehoje.com.br\/novoportal\/wp-json\/wp\/v2\/media?parent=84250"}],"wp:term":[{"taxonomy":"category","embeddable":true,"href":"https:\/\/www.sudoestehoje.com.br\/novoportal\/wp-json\/wp\/v2\/categories?post=84250"},{"taxonomy":"post_tag","embeddable":true,"href":"https:\/\/www.sudoestehoje.com.br\/novoportal\/wp-json\/wp\/v2\/tags?post=84250"}],"curies":[{"name":"wp","href":"https:\/\/api.w.org\/{rel}","templated":true}]}}