
{"id":84246,"date":"2019-12-18T11:06:56","date_gmt":"2019-12-18T14:06:56","guid":{"rendered":"https:\/\/www.sudoestehoje.com.br\/novoportal\/?p=84246"},"modified":"2019-12-18T11:06:56","modified_gmt":"2019-12-18T14:06:56","slug":"pec-da-previdencia-de-rui-costa-quer-que-pensionistas-e-aposentados-contribuam","status":"publish","type":"post","link":"https:\/\/www.sudoestehoje.com.br\/novoportal\/2019\/12\/18\/pec-da-previdencia-de-rui-costa-quer-que-pensionistas-e-aposentados-contribuam\/","title":{"rendered":"PEC DA PREVID\u00caNCIA DE RUI COSTA QUER QUE PENSIONISTAS E APOSENTADOS CONTRIBUAM"},"content":{"rendered":"<div id=\"attachment_84248\" style=\"width: 510px\" class=\"wp-caption aligncenter\"><a href=\"https:\/\/www.sudoestehoje.com.br\/novoportal\/wp-content\/uploads\/2019\/12\/Governador-Rui-Costa-201710231115.jpg\"><img loading=\"lazy\" decoding=\"async\" aria-describedby=\"caption-attachment-84248\" class=\"size-medium wp-image-84248\" src=\"https:\/\/www.sudoestehoje.com.br\/novoportal\/wp-content\/uploads\/2019\/12\/Governador-Rui-Costa-201710231115-500x333.jpg\" alt=\"\" width=\"500\" height=\"333\" srcset=\"https:\/\/www.sudoestehoje.com.br\/novoportal\/wp-content\/uploads\/2019\/12\/Governador-Rui-Costa-201710231115-500x333.jpg 500w, https:\/\/www.sudoestehoje.com.br\/novoportal\/wp-content\/uploads\/2019\/12\/Governador-Rui-Costa-201710231115-768x512.jpg 768w, https:\/\/www.sudoestehoje.com.br\/novoportal\/wp-content\/uploads\/2019\/12\/Governador-Rui-Costa-201710231115-700x467.jpg 700w\" sizes=\"auto, (max-width: 500px) 100vw, 500px\" \/><\/a><p id=\"caption-attachment-84248\" class=\"wp-caption-text\">Governador Rui Costa<\/p><\/div>\n<p>O governador da Bahia, Rui Costa (PT), enviou \u00e0 Assembleia Legislativa da Bahia (AL-BA) uma Proposta de Emenda Constitucional (PEC) que modifica regras do Regime Pr\u00f3prio de Previd\u00eancia Social dos servidores p\u00fablicos do estado.<\/p>\n<p>De acordo com o texto, no artigo 42, o Regime Pr\u00f3prio de Previd\u00eancia Social dos servidores titulares de cargos efetivos do Estado ter\u00e1 car\u00e1ter contributivo e solid\u00e1rio, mediante contribui\u00e7\u00e3o do Estado, de servidores ativos, de aposentados e de pensionistas, observados crit\u00e9rios que preservem o equil\u00edbrio financeiro e atuarial. Ou seja, os aposentados e pensionistas, que atualmente n\u00e3o contribuem, pela proposta v\u00e3o come\u00e7ar a contribuir.<\/p>\n<p>Hoje, o mesmo artigo 42 diz &#8220;Aos servidores titulares de cargos efetivos do Estado e dos Munic\u00edpios, inclu\u00eddas suas autarquias e funda\u00e7\u00f5es, \u00e9 assegurado regime de previd\u00eancia de car\u00e1ter contributivo, observados crit\u00e9rios que preservem o equil\u00edbrio financeiro e atuarial, bem como o que disp\u00f5e a Constitui\u00e7\u00e3o Federal, e ser\u00e3o aposentados&#8221;.<\/p>\n<p>Segundo Rui Costa, a proposta \u201cbusca refletir as inova\u00e7\u00f5es de repeti\u00e7\u00e3o obrigat\u00f3ria por parte dos Entes Federativos, com celeridade e presteza no atendimento dos novos crit\u00e9rios j\u00e1 estabelecidos, reafirmando o compromisso do Governo do Estado com a sa\u00fade atuarial dos fundos de previd\u00eancia social\u201d.<\/p>\n<p>Ainda no texto, ser\u00e1 aposentado \u201caos 62 (sessenta e dois) anos de idade, se mulher, e aos 65 (sessenta e cinco) anos de idade, se homem, observados o tempo de contribui\u00e7\u00e3o e os demais requisitos estabelecidos em lei complementar\u201d.<\/p>\n","protected":false},"excerpt":{"rendered":"<p>O governador da Bahia, Rui Costa (PT), enviou \u00e0 Assembleia Legislativa da Bahia (AL-BA) uma Proposta de Emenda Constitucional (PEC) que modifica regras do Regime Pr\u00f3prio de Previd\u00eancia Social dos servidores p\u00fablicos do estado. De acordo com o texto, no artigo 42, o Regime Pr\u00f3prio de Previd\u00eancia Social dos servidores titulares de cargos efetivos do [&hellip;]<\/p>\n","protected":false},"author":2,"featured_media":84248,"comment_status":"open","ping_status":"open","sticky":false,"template":"","format":"standard","meta":{"footnotes":"","_links_to":"","_links_to_target":""},"categories":[1],"tags":[],"class_list":["post-84246","post","type-post","status-publish","format-standard","has-post-thumbnail","hentry","category-geral"],"views":716,"_links":{"self":[{"href":"https:\/\/www.sudoestehoje.com.br\/novoportal\/wp-json\/wp\/v2\/posts\/84246","targetHints":{"allow":["GET"]}}],"collection":[{"href":"https:\/\/www.sudoestehoje.com.br\/novoportal\/wp-json\/wp\/v2\/posts"}],"about":[{"href":"https:\/\/www.sudoestehoje.com.br\/novoportal\/wp-json\/wp\/v2\/types\/post"}],"author":[{"embeddable":true,"href":"https:\/\/www.sudoestehoje.com.br\/novoportal\/wp-json\/wp\/v2\/users\/2"}],"replies":[{"embeddable":true,"href":"https:\/\/www.sudoestehoje.com.br\/novoportal\/wp-json\/wp\/v2\/comments?post=84246"}],"version-history":[{"count":2,"href":"https:\/\/www.sudoestehoje.com.br\/novoportal\/wp-json\/wp\/v2\/posts\/84246\/revisions"}],"predecessor-version":[{"id":84249,"href":"https:\/\/www.sudoestehoje.com.br\/novoportal\/wp-json\/wp\/v2\/posts\/84246\/revisions\/84249"}],"wp:featuredmedia":[{"embeddable":true,"href":"https:\/\/www.sudoestehoje.com.br\/novoportal\/wp-json\/wp\/v2\/media\/84248"}],"wp:attachment":[{"href":"https:\/\/www.sudoestehoje.com.br\/novoportal\/wp-json\/wp\/v2\/media?parent=84246"}],"wp:term":[{"taxonomy":"category","embeddable":true,"href":"https:\/\/www.sudoestehoje.com.br\/novoportal\/wp-json\/wp\/v2\/categories?post=84246"},{"taxonomy":"post_tag","embeddable":true,"href":"https:\/\/www.sudoestehoje.com.br\/novoportal\/wp-json\/wp\/v2\/tags?post=84246"}],"curies":[{"name":"wp","href":"https:\/\/api.w.org\/{rel}","templated":true}]}}