
{"id":84225,"date":"2019-12-16T21:08:36","date_gmt":"2019-12-17T00:08:36","guid":{"rendered":"https:\/\/www.sudoestehoje.com.br\/novoportal\/?p=84225"},"modified":"2019-12-16T21:18:50","modified_gmt":"2019-12-17T00:18:50","slug":"itapetinga-assai-atacadista-esta-pronto-para-ser-inaugurado-na-proxima-quinta","status":"publish","type":"post","link":"https:\/\/www.sudoestehoje.com.br\/novoportal\/2019\/12\/16\/itapetinga-assai-atacadista-esta-pronto-para-ser-inaugurado-na-proxima-quinta\/","title":{"rendered":"ITAPETINGA: ASSA\u00cd ATACADISTA EST\u00c1 PRONTO PARA SER INAUGURADO NA PR\u00d3XIMA QUINTA"},"content":{"rendered":"<p><a href=\"https:\/\/www.sudoestehoje.com.br\/novoportal\/wp-content\/uploads\/2019\/12\/assa\u00ed-pronro-1.jpg\"><img loading=\"lazy\" decoding=\"async\" class=\"aligncenter size-medium wp-image-84227\" src=\"https:\/\/www.sudoestehoje.com.br\/novoportal\/wp-content\/uploads\/2019\/12\/assa\u00ed-pronro-1-500x305.jpg\" alt=\"\" width=\"500\" height=\"305\" srcset=\"https:\/\/www.sudoestehoje.com.br\/novoportal\/wp-content\/uploads\/2019\/12\/assa\u00ed-pronro-1-500x305.jpg 500w, https:\/\/www.sudoestehoje.com.br\/novoportal\/wp-content\/uploads\/2019\/12\/assa\u00ed-pronro-1-768x469.jpg 768w, https:\/\/www.sudoestehoje.com.br\/novoportal\/wp-content\/uploads\/2019\/12\/assa\u00ed-pronro-1-700x427.jpg 700w, https:\/\/www.sudoestehoje.com.br\/novoportal\/wp-content\/uploads\/2019\/12\/assa\u00ed-pronro-1.jpg 960w\" sizes=\"auto, (max-width: 500px) 100vw, 500px\" \/><\/a><\/p>\n<p>Ap\u00f3s 4 meses de espera, as obras de constru\u00e7\u00e3o do ASSA\u00cd ATACADISTA de Itapetinga chegaram na reta final para a inaugura\u00e7\u00e3o e funcionamento, a partir da pr\u00f3xima quinta-feira, 19 de dezembro.<\/p>\n<p>A publicidade anunciando a inaugura\u00e7\u00e3o j\u00e1 est\u00e1 sendo divulgada na TV desde o \u00faltimo domingo, em hor\u00e1rio nobre, gerando grande expectativa na popula\u00e7\u00e3o local e regional.<\/p>\n<p>Na tarde de hoje, a reportagem do Sudoeste Hoje esteve no local e pode constatar o corre-corre dos funcion\u00e1rios da empresa construtora, para dar os \u00faltimos retoques na obra e finalizar o empreendimento. \/\/<strong><em>Confira fotos:<\/em><\/strong><\/p>\n\n\t\t<style type=\"text\/css\">\n\t\t\t#gallery-1 {\n\t\t\t\tmargin: auto;\n\t\t\t}\n\t\t\t#gallery-1 .gallery-item {\n\t\t\t\tfloat: left;\n\t\t\t\tmargin-top: 10px;\n\t\t\t\ttext-align: center;\n\t\t\t\twidth: 33%;\n\t\t\t}\n\t\t\t#gallery-1 img {\n\t\t\t\tborder: 2px solid #cfcfcf;\n\t\t\t}\n\t\t\t#gallery-1 .gallery-caption {\n\t\t\t\tmargin-left: 0;\n\t\t\t}\n\t\t\t\/* see gallery_shortcode() in wp-includes\/media.php *\/\n\t\t<\/style>\n\t\t<div id='gallery-1' class='gallery galleryid-84225 gallery-columns-3 gallery-size-thumbnail'><dl class='gallery-item'>\n\t\t\t<dt class='gallery-icon landscape'>\n\t\t\t\t<a href='https:\/\/www.sudoestehoje.com.br\/novoportal\/2019\/12\/16\/itapetinga-assai-atacadista-esta-pronto-para-ser-inaugurado-na-proxima-quinta\/assai-pronto-2\/'><img loading=\"lazy\" decoding=\"async\" width=\"150\" height=\"150\" src=\"https:\/\/www.sudoestehoje.com.br\/novoportal\/wp-content\/uploads\/2019\/12\/assa\u00ed-pronto-2-150x150.jpg\" class=\"attachment-thumbnail size-thumbnail\" alt=\"\" \/><\/a>\n\t\t\t<\/dt><\/dl><dl class='gallery-item'>\n\t\t\t<dt class='gallery-icon landscape'>\n\t\t\t\t<a href='https:\/\/www.sudoestehoje.com.br\/novoportal\/2019\/12\/16\/itapetinga-assai-atacadista-esta-pronto-para-ser-inaugurado-na-proxima-quinta\/assai-pronto-3\/'><img loading=\"lazy\" decoding=\"async\" width=\"150\" height=\"150\" src=\"https:\/\/www.sudoestehoje.com.br\/novoportal\/wp-content\/uploads\/2019\/12\/assa\u00ed-pronto-3-150x150.jpg\" class=\"attachment-thumbnail size-thumbnail\" alt=\"\" \/><\/a>\n\t\t\t<\/dt><\/dl><dl class='gallery-item'>\n\t\t\t<dt class='gallery-icon landscape'>\n\t\t\t\t<a href='https:\/\/www.sudoestehoje.com.br\/novoportal\/2019\/12\/16\/itapetinga-assai-atacadista-esta-pronto-para-ser-inaugurado-na-proxima-quinta\/assai-pronto-5-2\/'><img loading=\"lazy\" decoding=\"async\" width=\"150\" height=\"150\" src=\"https:\/\/www.sudoestehoje.com.br\/novoportal\/wp-content\/uploads\/2019\/12\/assa\u00ed-pronto-5-1-150x150.jpg\" class=\"attachment-thumbnail size-thumbnail\" alt=\"\" \/><\/a>\n\t\t\t<\/dt><\/dl><br style=\"clear: both\" \/>\n\t\t<\/div>\n\n","protected":false},"excerpt":{"rendered":"<p>Ap\u00f3s 4 meses de espera, as obras de constru\u00e7\u00e3o do ASSA\u00cd ATACADISTA de Itapetinga chegaram na reta final para a inaugura\u00e7\u00e3o e funcionamento, a partir da pr\u00f3xima quinta-feira, 19 de dezembro. A publicidade anunciando a inaugura\u00e7\u00e3o j\u00e1 est\u00e1 sendo divulgada na TV desde o \u00faltimo domingo, em hor\u00e1rio nobre, gerando grande expectativa na popula\u00e7\u00e3o local [&hellip;]<\/p>\n","protected":false},"author":2,"featured_media":84227,"comment_status":"open","ping_status":"open","sticky":false,"template":"","format":"standard","meta":{"footnotes":"","_links_to":"","_links_to_target":""},"categories":[1],"tags":[],"class_list":["post-84225","post","type-post","status-publish","format-standard","has-post-thumbnail","hentry","category-geral"],"views":3446,"_links":{"self":[{"href":"https:\/\/www.sudoestehoje.com.br\/novoportal\/wp-json\/wp\/v2\/posts\/84225","targetHints":{"allow":["GET"]}}],"collection":[{"href":"https:\/\/www.sudoestehoje.com.br\/novoportal\/wp-json\/wp\/v2\/posts"}],"about":[{"href":"https:\/\/www.sudoestehoje.com.br\/novoportal\/wp-json\/wp\/v2\/types\/post"}],"author":[{"embeddable":true,"href":"https:\/\/www.sudoestehoje.com.br\/novoportal\/wp-json\/wp\/v2\/users\/2"}],"replies":[{"embeddable":true,"href":"https:\/\/www.sudoestehoje.com.br\/novoportal\/wp-json\/wp\/v2\/comments?post=84225"}],"version-history":[{"count":3,"href":"https:\/\/www.sudoestehoje.com.br\/novoportal\/wp-json\/wp\/v2\/posts\/84225\/revisions"}],"predecessor-version":[{"id":84235,"href":"https:\/\/www.sudoestehoje.com.br\/novoportal\/wp-json\/wp\/v2\/posts\/84225\/revisions\/84235"}],"wp:featuredmedia":[{"embeddable":true,"href":"https:\/\/www.sudoestehoje.com.br\/novoportal\/wp-json\/wp\/v2\/media\/84227"}],"wp:attachment":[{"href":"https:\/\/www.sudoestehoje.com.br\/novoportal\/wp-json\/wp\/v2\/media?parent=84225"}],"wp:term":[{"taxonomy":"category","embeddable":true,"href":"https:\/\/www.sudoestehoje.com.br\/novoportal\/wp-json\/wp\/v2\/categories?post=84225"},{"taxonomy":"post_tag","embeddable":true,"href":"https:\/\/www.sudoestehoje.com.br\/novoportal\/wp-json\/wp\/v2\/tags?post=84225"}],"curies":[{"name":"wp","href":"https:\/\/api.w.org\/{rel}","templated":true}]}}