
{"id":84203,"date":"2019-12-13T23:58:35","date_gmt":"2019-12-14T02:58:35","guid":{"rendered":"https:\/\/www.sudoestehoje.com.br\/novoportal\/?p=84203"},"modified":"2019-12-13T23:58:35","modified_gmt":"2019-12-14T02:58:35","slug":"itapetinga-deputado-pedro-tavares-participa-de-inauguracoes-e-entrega-ambulancia","status":"publish","type":"post","link":"https:\/\/www.sudoestehoje.com.br\/novoportal\/2019\/12\/13\/itapetinga-deputado-pedro-tavares-participa-de-inauguracoes-e-entrega-ambulancia\/","title":{"rendered":"ITAPETINGA: DEPUTADO PEDRO TAVARES PARTICIPA DE INAUGURA\u00c7\u00d5ES E ENTREGA AMBUL\u00c2NCIA"},"content":{"rendered":"<p><a href=\"https:\/\/www.sudoestehoje.com.br\/novoportal\/wp-content\/uploads\/2019\/12\/pedro-ambul.jpg\"><img loading=\"lazy\" decoding=\"async\" class=\"aligncenter size-medium wp-image-84207\" src=\"https:\/\/www.sudoestehoje.com.br\/novoportal\/wp-content\/uploads\/2019\/12\/pedro-ambul-500x375.jpg\" alt=\"\" width=\"500\" height=\"375\" srcset=\"https:\/\/www.sudoestehoje.com.br\/novoportal\/wp-content\/uploads\/2019\/12\/pedro-ambul-500x375.jpg 500w, https:\/\/www.sudoestehoje.com.br\/novoportal\/wp-content\/uploads\/2019\/12\/pedro-ambul-768x576.jpg 768w, https:\/\/www.sudoestehoje.com.br\/novoportal\/wp-content\/uploads\/2019\/12\/pedro-ambul-700x525.jpg 700w, https:\/\/www.sudoestehoje.com.br\/novoportal\/wp-content\/uploads\/2019\/12\/pedro-ambul.jpg 960w\" sizes=\"auto, (max-width: 500px) 100vw, 500px\" \/><\/a><\/p>\n<p>Na tarde desta sexta-feira (13), o deputado estadual Pedro Tavares (DEM) participou das inaugura\u00e7\u00f5es das reformas na Escola Municipal Rosalina Vesper e Pra\u00e7a Isa\u00fa Barbosa, nos bairros Nova Itapetinga e Clodoaldo Costa, em Itapetinga, ao lado do prefeito Rodrigo Hagge (MDB), vereadores e equipe do governo municipal.<\/p>\n<p>As inaugura\u00e7\u00f5es fizeram parte das comemora\u00e7\u00f5es do 67\u00ba anivers\u00e1rio do munic\u00edpio, um dos mais pr\u00f3speros da Bahia, conhecido nacionalmente como a <em>&#8216;Capital da Pecu\u00e1ria Baiana&#8217;<\/em>.<\/p>\n<p>Durantes o evento, Pedro Tavares entregou \u00e0 Secretaria de Sa\u00fade do munic\u00edpio uma ambul\u00e2ncia nova, fruto de Emenda Parlamentar Impositiva de sua autoria.<\/p>\n<p>Em seu discurso, o deputado ressaltou que no momento em que recebeu o comunicado de que uma ambul\u00e2ncia estaria \u00e0 sua disposi\u00e7\u00e3o para ser entregue a um dos munic\u00edpios que representa, decidiu logo por Itapetinga, cidade onde tem la\u00e7os pol\u00edticos fortes com o grupo do prefeito Rodrigo Hagge e seu av\u00f4 Michel Hagge, uma das maiores lideran\u00e7as de oposi\u00e7\u00e3o do estado.<\/p>\n<p>Ao finalizar o seu pronunciamento, Pedro Tavares bravou: <strong><em>&#8220;sou gabiraba e saru\u00ea!&#8221;<\/em><\/strong>, se referindo aos apelidos de campanha de Michel Hagge e Rodrigo.<\/p>\n<p>A plat\u00e9ia gostou e aplaudiu efusivamente o jovem e atuante deputado.<\/p>\n<p><em><strong>Por Davi Ferraz<\/strong><\/em><\/p>\n","protected":false},"excerpt":{"rendered":"<p>Na tarde desta sexta-feira (13), o deputado estadual Pedro Tavares (DEM) participou das inaugura\u00e7\u00f5es das reformas na Escola Municipal Rosalina Vesper e Pra\u00e7a Isa\u00fa Barbosa, nos bairros Nova Itapetinga e Clodoaldo Costa, em Itapetinga, ao lado do prefeito Rodrigo Hagge (MDB), vereadores e equipe do governo municipal. As inaugura\u00e7\u00f5es fizeram parte das comemora\u00e7\u00f5es do 67\u00ba [&hellip;]<\/p>\n","protected":false},"author":2,"featured_media":84207,"comment_status":"open","ping_status":"open","sticky":false,"template":"","format":"standard","meta":{"footnotes":"","_links_to":"","_links_to_target":""},"categories":[1],"tags":[],"class_list":["post-84203","post","type-post","status-publish","format-standard","has-post-thumbnail","hentry","category-geral"],"views":736,"_links":{"self":[{"href":"https:\/\/www.sudoestehoje.com.br\/novoportal\/wp-json\/wp\/v2\/posts\/84203","targetHints":{"allow":["GET"]}}],"collection":[{"href":"https:\/\/www.sudoestehoje.com.br\/novoportal\/wp-json\/wp\/v2\/posts"}],"about":[{"href":"https:\/\/www.sudoestehoje.com.br\/novoportal\/wp-json\/wp\/v2\/types\/post"}],"author":[{"embeddable":true,"href":"https:\/\/www.sudoestehoje.com.br\/novoportal\/wp-json\/wp\/v2\/users\/2"}],"replies":[{"embeddable":true,"href":"https:\/\/www.sudoestehoje.com.br\/novoportal\/wp-json\/wp\/v2\/comments?post=84203"}],"version-history":[{"count":4,"href":"https:\/\/www.sudoestehoje.com.br\/novoportal\/wp-json\/wp\/v2\/posts\/84203\/revisions"}],"predecessor-version":[{"id":84208,"href":"https:\/\/www.sudoestehoje.com.br\/novoportal\/wp-json\/wp\/v2\/posts\/84203\/revisions\/84208"}],"wp:featuredmedia":[{"embeddable":true,"href":"https:\/\/www.sudoestehoje.com.br\/novoportal\/wp-json\/wp\/v2\/media\/84207"}],"wp:attachment":[{"href":"https:\/\/www.sudoestehoje.com.br\/novoportal\/wp-json\/wp\/v2\/media?parent=84203"}],"wp:term":[{"taxonomy":"category","embeddable":true,"href":"https:\/\/www.sudoestehoje.com.br\/novoportal\/wp-json\/wp\/v2\/categories?post=84203"},{"taxonomy":"post_tag","embeddable":true,"href":"https:\/\/www.sudoestehoje.com.br\/novoportal\/wp-json\/wp\/v2\/tags?post=84203"}],"curies":[{"name":"wp","href":"https:\/\/api.w.org\/{rel}","templated":true}]}}