
{"id":84099,"date":"2019-12-09T23:49:56","date_gmt":"2019-12-10T02:49:56","guid":{"rendered":"https:\/\/www.sudoestehoje.com.br\/novoportal\/?p=84099"},"modified":"2019-12-09T23:49:56","modified_gmt":"2019-12-10T02:49:56","slug":"jequie-pre-candidato-a-prefeito-ligado-a-antonio-brito-cresce-nas-pesquisas","status":"publish","type":"post","link":"https:\/\/www.sudoestehoje.com.br\/novoportal\/2019\/12\/09\/jequie-pre-candidato-a-prefeito-ligado-a-antonio-brito-cresce-nas-pesquisas\/","title":{"rendered":"JEQUI\u00c9: PR\u00c9-CANDIDATO A PREFEITO LIGADO A ANT\u00d4NIO BRITO CRESCE NAS PESQUISAS"},"content":{"rendered":"<p><a href=\"https:\/\/www.sudoestehoje.com.br\/novoportal\/wp-content\/uploads\/2019\/12\/JEQUI\u00c9.jpg\"><img loading=\"lazy\" decoding=\"async\" class=\"aligncenter size-medium wp-image-84100\" src=\"https:\/\/www.sudoestehoje.com.br\/novoportal\/wp-content\/uploads\/2019\/12\/JEQUI\u00c9-500x500.jpg\" alt=\"\" width=\"500\" height=\"500\" srcset=\"https:\/\/www.sudoestehoje.com.br\/novoportal\/wp-content\/uploads\/2019\/12\/JEQUI\u00c9-500x500.jpg 500w, https:\/\/www.sudoestehoje.com.br\/novoportal\/wp-content\/uploads\/2019\/12\/JEQUI\u00c9-150x150.jpg 150w, https:\/\/www.sudoestehoje.com.br\/novoportal\/wp-content\/uploads\/2019\/12\/JEQUI\u00c9-768x768.jpg 768w, https:\/\/www.sudoestehoje.com.br\/novoportal\/wp-content\/uploads\/2019\/12\/JEQUI\u00c9-700x700.jpg 700w, https:\/\/www.sudoestehoje.com.br\/novoportal\/wp-content\/uploads\/2019\/12\/JEQUI\u00c9.jpg 1280w\" sizes=\"auto, (max-width: 500px) 100vw, 500px\" \/><\/a><\/p>\n<p>O cen\u00e1rio para as elei\u00e7\u00f5es municipais de 2020 em Jequi\u00e9 tem como principais nomes o deputado estadual Z\u00e9 Coc\u00e1 (PP) e Alexandre Iossef ( PSD) que conta com o apoio do deputado federal Ant\u00f4nio brito (PSD).<\/p>\n<p>Apura\u00e7\u00e3o recente da S\u00f3cio Estat\u00edstica revelou que Coc\u00e1 possui, atualmente, 28,02%, enquanto Alexandre aparece com 17,55% das inten\u00e7\u00f5es de voto. Apesar da prov\u00e1vel polariza\u00e7\u00e3o, 69,73% da popula\u00e7\u00e3o local ainda n\u00e3o possui candidato definido.<\/p>\n<p>A consulta da S\u00f3cio Estat\u00edstica do Soci\u00f3logo Agenor Gasparetto, avaliou ainda a insatisfa\u00e7\u00e3o com a atual gest\u00e3o, considerada ruim e p\u00e9ssima por 70,69% dos mun\u00edcipes; a conquista de benef\u00edcios para a cidade, categoria em que lidera Ant\u00f4nio Brito, com mais de 34% de reconhecimento, seguido por Z\u00e9 Coc\u00e1 (15,94%), Euclides Fernandes (4,51%) e Leur Lomanto (1,93).<\/p>\n<p>Realizada nos dias 4 e 5 de dezembro, a pesquisa ouviu 621 pessoas e apresenta como margem de erro o percentual de 4,5%, segundo informa\u00e7\u00f5es do site Pol\u00edticos do Sul da Bahia.<\/p>\n","protected":false},"excerpt":{"rendered":"<p>O cen\u00e1rio para as elei\u00e7\u00f5es municipais de 2020 em Jequi\u00e9 tem como principais nomes o deputado estadual Z\u00e9 Coc\u00e1 (PP) e Alexandre Iossef ( PSD) que conta com o apoio do deputado federal Ant\u00f4nio brito (PSD). Apura\u00e7\u00e3o recente da S\u00f3cio Estat\u00edstica revelou que Coc\u00e1 possui, atualmente, 28,02%, enquanto Alexandre aparece com 17,55% das inten\u00e7\u00f5es de [&hellip;]<\/p>\n","protected":false},"author":2,"featured_media":84100,"comment_status":"open","ping_status":"open","sticky":false,"template":"","format":"standard","meta":{"footnotes":"","_links_to":"","_links_to_target":""},"categories":[1],"tags":[],"class_list":["post-84099","post","type-post","status-publish","format-standard","has-post-thumbnail","hentry","category-geral"],"views":782,"_links":{"self":[{"href":"https:\/\/www.sudoestehoje.com.br\/novoportal\/wp-json\/wp\/v2\/posts\/84099","targetHints":{"allow":["GET"]}}],"collection":[{"href":"https:\/\/www.sudoestehoje.com.br\/novoportal\/wp-json\/wp\/v2\/posts"}],"about":[{"href":"https:\/\/www.sudoestehoje.com.br\/novoportal\/wp-json\/wp\/v2\/types\/post"}],"author":[{"embeddable":true,"href":"https:\/\/www.sudoestehoje.com.br\/novoportal\/wp-json\/wp\/v2\/users\/2"}],"replies":[{"embeddable":true,"href":"https:\/\/www.sudoestehoje.com.br\/novoportal\/wp-json\/wp\/v2\/comments?post=84099"}],"version-history":[{"count":1,"href":"https:\/\/www.sudoestehoje.com.br\/novoportal\/wp-json\/wp\/v2\/posts\/84099\/revisions"}],"predecessor-version":[{"id":84101,"href":"https:\/\/www.sudoestehoje.com.br\/novoportal\/wp-json\/wp\/v2\/posts\/84099\/revisions\/84101"}],"wp:featuredmedia":[{"embeddable":true,"href":"https:\/\/www.sudoestehoje.com.br\/novoportal\/wp-json\/wp\/v2\/media\/84100"}],"wp:attachment":[{"href":"https:\/\/www.sudoestehoje.com.br\/novoportal\/wp-json\/wp\/v2\/media?parent=84099"}],"wp:term":[{"taxonomy":"category","embeddable":true,"href":"https:\/\/www.sudoestehoje.com.br\/novoportal\/wp-json\/wp\/v2\/categories?post=84099"},{"taxonomy":"post_tag","embeddable":true,"href":"https:\/\/www.sudoestehoje.com.br\/novoportal\/wp-json\/wp\/v2\/tags?post=84099"}],"curies":[{"name":"wp","href":"https:\/\/api.w.org\/{rel}","templated":true}]}}