
{"id":84044,"date":"2019-12-07T22:48:10","date_gmt":"2019-12-08T01:48:10","guid":{"rendered":"https:\/\/www.sudoestehoje.com.br\/novoportal\/?p=84044"},"modified":"2019-12-07T22:48:10","modified_gmt":"2019-12-08T01:48:10","slug":"adolescente-de-barra-do-choca-morre-apos-se-afogar-em-praia-de-ilheus","status":"publish","type":"post","link":"https:\/\/www.sudoestehoje.com.br\/novoportal\/2019\/12\/07\/adolescente-de-barra-do-choca-morre-apos-se-afogar-em-praia-de-ilheus\/","title":{"rendered":"ADOLESCENTE DE BARRA DO CHO\u00c7A MORRE AP\u00d3S SE AFOGAR EM PRAIA DE ILH\u00c9US"},"content":{"rendered":"<p><a href=\"https:\/\/www.sudoestehoje.com.br\/novoportal\/wp-content\/uploads\/2019\/12\/adolescente-morre-afogado-em-ilheus-1000x530.jpeg\"><img loading=\"lazy\" decoding=\"async\" class=\"aligncenter size-medium wp-image-84045\" src=\"https:\/\/www.sudoestehoje.com.br\/novoportal\/wp-content\/uploads\/2019\/12\/adolescente-morre-afogado-em-ilheus-1000x530-500x265.jpeg\" alt=\"\" width=\"500\" height=\"265\" srcset=\"https:\/\/www.sudoestehoje.com.br\/novoportal\/wp-content\/uploads\/2019\/12\/adolescente-morre-afogado-em-ilheus-1000x530-500x265.jpeg 500w, https:\/\/www.sudoestehoje.com.br\/novoportal\/wp-content\/uploads\/2019\/12\/adolescente-morre-afogado-em-ilheus-1000x530-768x407.jpeg 768w, https:\/\/www.sudoestehoje.com.br\/novoportal\/wp-content\/uploads\/2019\/12\/adolescente-morre-afogado-em-ilheus-1000x530-700x371.jpeg 700w, https:\/\/www.sudoestehoje.com.br\/novoportal\/wp-content\/uploads\/2019\/12\/adolescente-morre-afogado-em-ilheus-1000x530.jpeg 1000w\" sizes=\"auto, (max-width: 500px) 100vw, 500px\" \/><\/a><\/p>\n<p>Um adolescente de 15 anos morreu ap\u00f3s se afogar em praia de Ilh\u00e9us, no Sul da Bahia, nesta sexta-feira (6).<\/p>\n<p>Gabriel Lopes Pereira, que era morador de Barra do Cho\u00e7a, no Sudoeste da Bahia, chegou a ser resgatado e levado para um hospital de Ilh\u00e9us, mas n\u00e3o resistiu. O caso ocorreu entre 8h e 9h.<\/p>\n<p>O corpo foi levado no mesmo dia para Barra do Cho\u00e7a, onde ser\u00e1 sepultado \u00e0s 14h deste s\u00e1bado (7), no cemit\u00e9rio da cidade.<\/p>\n","protected":false},"excerpt":{"rendered":"<p>Um adolescente de 15 anos morreu ap\u00f3s se afogar em praia de Ilh\u00e9us, no Sul da Bahia, nesta sexta-feira (6). Gabriel Lopes Pereira, que era morador de Barra do Cho\u00e7a, no Sudoeste da Bahia, chegou a ser resgatado e levado para um hospital de Ilh\u00e9us, mas n\u00e3o resistiu. O caso ocorreu entre 8h e 9h. [&hellip;]<\/p>\n","protected":false},"author":2,"featured_media":84045,"comment_status":"open","ping_status":"open","sticky":false,"template":"","format":"standard","meta":{"footnotes":"","_links_to":"","_links_to_target":""},"categories":[1],"tags":[],"class_list":["post-84044","post","type-post","status-publish","format-standard","has-post-thumbnail","hentry","category-geral"],"views":725,"_links":{"self":[{"href":"https:\/\/www.sudoestehoje.com.br\/novoportal\/wp-json\/wp\/v2\/posts\/84044","targetHints":{"allow":["GET"]}}],"collection":[{"href":"https:\/\/www.sudoestehoje.com.br\/novoportal\/wp-json\/wp\/v2\/posts"}],"about":[{"href":"https:\/\/www.sudoestehoje.com.br\/novoportal\/wp-json\/wp\/v2\/types\/post"}],"author":[{"embeddable":true,"href":"https:\/\/www.sudoestehoje.com.br\/novoportal\/wp-json\/wp\/v2\/users\/2"}],"replies":[{"embeddable":true,"href":"https:\/\/www.sudoestehoje.com.br\/novoportal\/wp-json\/wp\/v2\/comments?post=84044"}],"version-history":[{"count":1,"href":"https:\/\/www.sudoestehoje.com.br\/novoportal\/wp-json\/wp\/v2\/posts\/84044\/revisions"}],"predecessor-version":[{"id":84046,"href":"https:\/\/www.sudoestehoje.com.br\/novoportal\/wp-json\/wp\/v2\/posts\/84044\/revisions\/84046"}],"wp:featuredmedia":[{"embeddable":true,"href":"https:\/\/www.sudoestehoje.com.br\/novoportal\/wp-json\/wp\/v2\/media\/84045"}],"wp:attachment":[{"href":"https:\/\/www.sudoestehoje.com.br\/novoportal\/wp-json\/wp\/v2\/media?parent=84044"}],"wp:term":[{"taxonomy":"category","embeddable":true,"href":"https:\/\/www.sudoestehoje.com.br\/novoportal\/wp-json\/wp\/v2\/categories?post=84044"},{"taxonomy":"post_tag","embeddable":true,"href":"https:\/\/www.sudoestehoje.com.br\/novoportal\/wp-json\/wp\/v2\/tags?post=84044"}],"curies":[{"name":"wp","href":"https:\/\/api.w.org\/{rel}","templated":true}]}}