
{"id":84036,"date":"2019-12-07T00:39:24","date_gmt":"2019-12-07T03:39:24","guid":{"rendered":"https:\/\/www.sudoestehoje.com.br\/novoportal\/?p=84036"},"modified":"2019-12-07T00:39:24","modified_gmt":"2019-12-07T03:39:24","slug":"itapetinga-mais-de-18-mil-eleitores-precisam-fazer-o-recadastramento-biometrico","status":"publish","type":"post","link":"https:\/\/www.sudoestehoje.com.br\/novoportal\/2019\/12\/07\/itapetinga-mais-de-18-mil-eleitores-precisam-fazer-o-recadastramento-biometrico\/","title":{"rendered":"ITAPETINGA: MAIS DE 18 MIL ELEITORES PRECISAM FAZER O RECADASTRAMENTO BIOM\u00c9TRICO"},"content":{"rendered":"<p><a href=\"https:\/\/www.sudoestehoje.com.br\/novoportal\/wp-content\/uploads\/2019\/12\/BIOMETRIA-ITAP.jpg\"><img loading=\"lazy\" decoding=\"async\" class=\"aligncenter size-medium wp-image-84038\" src=\"https:\/\/www.sudoestehoje.com.br\/novoportal\/wp-content\/uploads\/2019\/12\/BIOMETRIA-ITAP-500x241.jpg\" alt=\"\" width=\"500\" height=\"241\" srcset=\"https:\/\/www.sudoestehoje.com.br\/novoportal\/wp-content\/uploads\/2019\/12\/BIOMETRIA-ITAP-500x241.jpg 500w, https:\/\/www.sudoestehoje.com.br\/novoportal\/wp-content\/uploads\/2019\/12\/BIOMETRIA-ITAP.jpg 540w\" sizes=\"auto, (max-width: 500px) 100vw, 500px\" \/><\/a><\/p>\n<p style=\"margin: 0cm; margin-bottom: .0001pt; line-height: 18.0pt; background: white;\"><span style=\"font-family: 'Arial','sans-serif'; color: black;\">O Tribunal Regional Eleitoral da Bahia (TRE-BA) informa que mais de 18 mil eleitores do munic\u00edpio de Itapetinga ainda n\u00e3o realizaram o recadastramento biom\u00e9trico, obrigat\u00f3rio para as elei\u00e7\u00f5es municipais de 2020. O eleitor que n\u00e3o regularizar situa\u00e7\u00e3o n\u00e3o poder\u00e1 votar e ter\u00e1 o t\u00edtulo cancelado.<\/span><\/p>\n<p style=\"margin: 0cm; margin-bottom: .0001pt; line-height: 18.0pt; background: white; font-variant-ligatures: normal; font-variant-caps: normal; orphans: 2; text-align: start; widows: 2; -webkit-text-stroke-width: 0px; text-decoration-style: initial; text-decoration-color: initial; word-spacing: 0px;\"><span style=\"font-family: 'Arial','sans-serif'; color: black;\">\u00a0<\/span><\/p>\n<p style=\"margin: 0cm; margin-bottom: .0001pt; line-height: 18.0pt; background: white; font-variant-ligatures: normal; font-variant-caps: normal; orphans: 2; text-align: start; widows: 2; -webkit-text-stroke-width: 0px; text-decoration-style: initial; text-decoration-color: initial; word-spacing: 0px;\"><span style=\"font-family: 'Arial','sans-serif'; color: black;\">De acordo com o\u00a0<a href=\"http:\/\/biomaps.tre-ba.jus.br\/\" target=\"_blank\" rel=\"noopener noreferrer\"><span style=\"color: #196ad4;\">Biomaps<\/span><\/a><i>,\u00a0<\/i>aplicativo para monitoramento da biometria, em Itapetinga, dos 46.862 eleitores convocados, apenas 28.489 (60,79%) realizaram a coleta dos dados. Sendo assim, 18.373 cidad\u00e3os ainda est\u00e3o em d\u00e9bito com a Justi\u00e7a Eleitoral.<\/span><\/p>\n<p style=\"margin: 0cm; margin-bottom: .0001pt; line-height: 18.0pt; background: white; font-variant-ligatures: normal; font-variant-caps: normal; orphans: 2; text-align: start; widows: 2; -webkit-text-stroke-width: 0px; text-decoration-style: initial; text-decoration-color: initial; word-spacing: 0px;\"><span style=\"font-family: 'Arial','sans-serif'; color: black;\">\u00a0<\/span><\/p>\n<p style=\"margin: 0cm; margin-bottom: .0001pt; line-height: 18.0pt; background: white; font-variant-ligatures: normal; font-variant-caps: normal; orphans: 2; text-align: start; widows: 2; -webkit-text-stroke-width: 0px; text-decoration-style: initial; text-decoration-color: initial; word-spacing: 0px;\"><span style=\"font-family: 'Arial','sans-serif'; color: black;\">Com a conclus\u00e3o da revis\u00e3o biom\u00e9trica em todo o estado prevista para 2020, o pr\u00f3ximo pleito ocorrer\u00e1 com obrigatoriedade de identifica\u00e7\u00e3o biom\u00e9trica para todas as cidades baianas. Conforme a Justi\u00e7a Eleitoral, o procedimento garante mais seguran\u00e7a ao processo, uma vez que o reconhecimento pela digital impede que um eleitor vote com a identifica\u00e7\u00e3o de outro.<\/span><\/p>\n<p style=\"line-height: 18.0pt; background: white; font-variant-ligatures: normal; font-variant-caps: normal; orphans: 2; text-align: start; widows: 2; -webkit-text-stroke-width: 0px; text-decoration-style: initial; text-decoration-color: initial; word-spacing: 0px;\"><span style=\"font-family: 'Arial','sans-serif'; color: black;\">Com o cancelamento do t\u00edtulo eleitoral, al\u00e9m da impossibilidade de votar, o cidad\u00e3o fica sem condi\u00e7\u00f5es de ser empossado em cargo p\u00fablico, matricular-se em institui\u00e7\u00e3o de ensino, tirar passaporte na Pol\u00edcia Federal, obter empr\u00e9stimos em institui\u00e7\u00f5es financeiras, etc.<\/span><\/p>\n<p style=\"line-height: 18.0pt; background: white; font-variant-ligatures: normal; font-variant-caps: normal; orphans: 2; text-align: start; widows: 2; -webkit-text-stroke-width: 0px; text-decoration-style: initial; text-decoration-color: initial; word-spacing: 0px;\"><b><span style=\"font-family: 'Arial','sans-serif'; color: black;\">Atendimento<\/span><\/b><\/p>\n<p style=\"line-height: 18.0pt; background: white; font-variant-ligatures: normal; font-variant-caps: normal; orphans: 2; text-align: start; widows: 2; -webkit-text-stroke-width: 0px; text-decoration-style: initial; text-decoration-color: initial; word-spacing: 0px;\"><span style=\"font-family: 'Arial','sans-serif'; color: black;\">Para regularizar a situa\u00e7\u00e3o eleitoral e\/ou realizar a coleta dos dados biom\u00e9tricos, o cidad\u00e3o pode optar pelo atendimento com hora marcada por meio do site ou telefone da Justi\u00e7a Eleitoral. Para agendar o servi\u00e7o, basta acessar\u00a0<a href=\"http:\/\/agendamento.tre-ba.jus.br\/\" target=\"_blank\" rel=\"noopener noreferrer\"><span style=\"color: #196ad4;\">www.agendamento.tre-ba.jus.br<\/span><\/a>\u00a0\u00a0ou entrar em contato com os n\u00fameros 0800 071 6505 ou\u00a0\u00a0pelo\u00a0<i>whatsapp\u00a0<\/i>(71) 3373-7223.<\/span><\/p>\n","protected":false},"excerpt":{"rendered":"<p>O Tribunal Regional Eleitoral da Bahia (TRE-BA) informa que mais de 18 mil eleitores do munic\u00edpio de Itapetinga ainda n\u00e3o realizaram o recadastramento biom\u00e9trico, obrigat\u00f3rio para as elei\u00e7\u00f5es municipais de 2020. O eleitor que n\u00e3o regularizar situa\u00e7\u00e3o n\u00e3o poder\u00e1 votar e ter\u00e1 o t\u00edtulo cancelado. \u00a0 De acordo com o\u00a0Biomaps,\u00a0aplicativo para monitoramento da biometria, em [&hellip;]<\/p>\n","protected":false},"author":2,"featured_media":84038,"comment_status":"open","ping_status":"open","sticky":false,"template":"","format":"standard","meta":{"footnotes":"","_links_to":"","_links_to_target":""},"categories":[1],"tags":[],"class_list":["post-84036","post","type-post","status-publish","format-standard","has-post-thumbnail","hentry","category-geral"],"views":676,"_links":{"self":[{"href":"https:\/\/www.sudoestehoje.com.br\/novoportal\/wp-json\/wp\/v2\/posts\/84036","targetHints":{"allow":["GET"]}}],"collection":[{"href":"https:\/\/www.sudoestehoje.com.br\/novoportal\/wp-json\/wp\/v2\/posts"}],"about":[{"href":"https:\/\/www.sudoestehoje.com.br\/novoportal\/wp-json\/wp\/v2\/types\/post"}],"author":[{"embeddable":true,"href":"https:\/\/www.sudoestehoje.com.br\/novoportal\/wp-json\/wp\/v2\/users\/2"}],"replies":[{"embeddable":true,"href":"https:\/\/www.sudoestehoje.com.br\/novoportal\/wp-json\/wp\/v2\/comments?post=84036"}],"version-history":[{"count":2,"href":"https:\/\/www.sudoestehoje.com.br\/novoportal\/wp-json\/wp\/v2\/posts\/84036\/revisions"}],"predecessor-version":[{"id":84039,"href":"https:\/\/www.sudoestehoje.com.br\/novoportal\/wp-json\/wp\/v2\/posts\/84036\/revisions\/84039"}],"wp:featuredmedia":[{"embeddable":true,"href":"https:\/\/www.sudoestehoje.com.br\/novoportal\/wp-json\/wp\/v2\/media\/84038"}],"wp:attachment":[{"href":"https:\/\/www.sudoestehoje.com.br\/novoportal\/wp-json\/wp\/v2\/media?parent=84036"}],"wp:term":[{"taxonomy":"category","embeddable":true,"href":"https:\/\/www.sudoestehoje.com.br\/novoportal\/wp-json\/wp\/v2\/categories?post=84036"},{"taxonomy":"post_tag","embeddable":true,"href":"https:\/\/www.sudoestehoje.com.br\/novoportal\/wp-json\/wp\/v2\/tags?post=84036"}],"curies":[{"name":"wp","href":"https:\/\/api.w.org\/{rel}","templated":true}]}}