
{"id":83990,"date":"2019-12-03T22:21:09","date_gmt":"2019-12-04T01:21:09","guid":{"rendered":"https:\/\/www.sudoestehoje.com.br\/novoportal\/?p=83990"},"modified":"2019-12-03T22:21:09","modified_gmt":"2019-12-04T01:21:09","slug":"itapetinga-caravana-de-natal-da-coca-cola-desfila-nesta-quinta-confira-itinerario","status":"publish","type":"post","link":"https:\/\/www.sudoestehoje.com.br\/novoportal\/2019\/12\/03\/itapetinga-caravana-de-natal-da-coca-cola-desfila-nesta-quinta-confira-itinerario\/","title":{"rendered":"ITAPETINGA: CARAVANA DE NATAL DA COCA COLA DESFILA NESTA QUINTA; CONFIRA ITINER\u00c1RIO"},"content":{"rendered":"<p><a href=\"https:\/\/www.sudoestehoje.com.br\/novoportal\/wp-content\/uploads\/2019\/12\/caravanaCocacola-990x707.jpg\"><img loading=\"lazy\" decoding=\"async\" class=\"aligncenter size-medium wp-image-83992\" src=\"https:\/\/www.sudoestehoje.com.br\/novoportal\/wp-content\/uploads\/2019\/12\/caravanaCocacola-990x707-500x357.jpg\" alt=\"\" width=\"500\" height=\"357\" srcset=\"https:\/\/www.sudoestehoje.com.br\/novoportal\/wp-content\/uploads\/2019\/12\/caravanaCocacola-990x707-500x357.jpg 500w, https:\/\/www.sudoestehoje.com.br\/novoportal\/wp-content\/uploads\/2019\/12\/caravanaCocacola-990x707-768x548.jpg 768w, https:\/\/www.sudoestehoje.com.br\/novoportal\/wp-content\/uploads\/2019\/12\/caravanaCocacola-990x707-700x500.jpg 700w, https:\/\/www.sudoestehoje.com.br\/novoportal\/wp-content\/uploads\/2019\/12\/caravanaCocacola-990x707.jpg 990w\" sizes=\"auto, (max-width: 500px) 100vw, 500px\" \/><\/a><\/p>\n<p>J\u00e1 est\u00e1 virando tradi\u00e7\u00e3o a passagem da Caravana de Natal da Coca-Cola por Itapetinga. Uma parceria firmada entre Disbeb, distribuidora da Coca-Cola na regi\u00e3o, e Prefeitura est\u00e1 trazendo, mais uma vez, esta comemora\u00e7\u00e3o natalina que encantou a popula\u00e7\u00e3o.<\/p>\n<p>A caravana \u00e9 um comboio formado por caminh\u00f5es da Coca-Cola, iluminados e decorados com o tema natalino. O Papai Noel marca presen\u00e7a seguido de ajudantes, em um cen\u00e1rio encantador. Em 2018 grande p\u00fablico se formou para acompanhar a Caravana. Para esse ano n\u00e3o ser\u00e1 diferente e acontecer\u00e1 no dia<strong> 5 de dezembro<\/strong>, acompanhe abaixo a programa\u00e7\u00e3o:<\/p>\n<p>\u00c0s 18h partir\u00e1 do Adonai Atacarejo e passar\u00e1 pelo Gin\u00e1sio de Esportes, Av. Tancredo Neves, seguindo para as Vilas (pela Av. J\u00falio Jos\u00e9 Rodrigues), Humberto de Campos, Monteiro Lobato, Ol\u00edmpio Vieira, Orix\u00e1s, Av Flamengo e segue para a pra\u00e7a do Est\u00e1dio; depois Av Cinquenten\u00e1rio, Pra\u00e7a Dairy Valley, novamente Av Cinquenten\u00e1rio e finaliza no Parque Poliesportivo da Lagoa.<\/p>\n","protected":false},"excerpt":{"rendered":"<p>J\u00e1 est\u00e1 virando tradi\u00e7\u00e3o a passagem da Caravana de Natal da Coca-Cola por Itapetinga. Uma parceria firmada entre Disbeb, distribuidora da Coca-Cola na regi\u00e3o, e Prefeitura est\u00e1 trazendo, mais uma vez, esta comemora\u00e7\u00e3o natalina que encantou a popula\u00e7\u00e3o. A caravana \u00e9 um comboio formado por caminh\u00f5es da Coca-Cola, iluminados e decorados com o tema natalino. [&hellip;]<\/p>\n","protected":false},"author":2,"featured_media":83992,"comment_status":"open","ping_status":"open","sticky":false,"template":"","format":"standard","meta":{"footnotes":"","_links_to":"","_links_to_target":""},"categories":[1],"tags":[],"class_list":["post-83990","post","type-post","status-publish","format-standard","has-post-thumbnail","hentry","category-geral"],"views":853,"_links":{"self":[{"href":"https:\/\/www.sudoestehoje.com.br\/novoportal\/wp-json\/wp\/v2\/posts\/83990","targetHints":{"allow":["GET"]}}],"collection":[{"href":"https:\/\/www.sudoestehoje.com.br\/novoportal\/wp-json\/wp\/v2\/posts"}],"about":[{"href":"https:\/\/www.sudoestehoje.com.br\/novoportal\/wp-json\/wp\/v2\/types\/post"}],"author":[{"embeddable":true,"href":"https:\/\/www.sudoestehoje.com.br\/novoportal\/wp-json\/wp\/v2\/users\/2"}],"replies":[{"embeddable":true,"href":"https:\/\/www.sudoestehoje.com.br\/novoportal\/wp-json\/wp\/v2\/comments?post=83990"}],"version-history":[{"count":2,"href":"https:\/\/www.sudoestehoje.com.br\/novoportal\/wp-json\/wp\/v2\/posts\/83990\/revisions"}],"predecessor-version":[{"id":83993,"href":"https:\/\/www.sudoestehoje.com.br\/novoportal\/wp-json\/wp\/v2\/posts\/83990\/revisions\/83993"}],"wp:featuredmedia":[{"embeddable":true,"href":"https:\/\/www.sudoestehoje.com.br\/novoportal\/wp-json\/wp\/v2\/media\/83992"}],"wp:attachment":[{"href":"https:\/\/www.sudoestehoje.com.br\/novoportal\/wp-json\/wp\/v2\/media?parent=83990"}],"wp:term":[{"taxonomy":"category","embeddable":true,"href":"https:\/\/www.sudoestehoje.com.br\/novoportal\/wp-json\/wp\/v2\/categories?post=83990"},{"taxonomy":"post_tag","embeddable":true,"href":"https:\/\/www.sudoestehoje.com.br\/novoportal\/wp-json\/wp\/v2\/tags?post=83990"}],"curies":[{"name":"wp","href":"https:\/\/api.w.org\/{rel}","templated":true}]}}