
{"id":8398,"date":"2011-09-08T18:09:49","date_gmt":"2011-09-08T21:09:49","guid":{"rendered":"http:\/\/www.sudoestehoje.com.br\/novoportal\/?p=8398"},"modified":"2011-09-08T18:09:49","modified_gmt":"2011-09-08T21:09:49","slug":"comutran-desfilou-sob-novo-comando","status":"publish","type":"post","link":"https:\/\/www.sudoestehoje.com.br\/novoportal\/2011\/09\/08\/comutran-desfilou-sob-novo-comando\/","title":{"rendered":"COMUTRAN DESFILOU SOB NOVO COMANDO"},"content":{"rendered":"<p style=\"text-align: left;\">A \u00fanica novidade no desfile da independ\u00eancia foi a participa\u00e7\u00e3o do novo coordenador da Comutran, Renan Gusm\u00e3o, que tem pela frente a \u00e1rdua tarefe de recuperar a imagem do \u00f3rg\u00e3o, totalmente desgastada pelos desmandos do seu antecessor.<\/p>\n<p style=\"text-align: left;\">\n<p style=\"text-align: left;\"><a href=\"http:\/\/www.sudoestehoje.com.br\/novoportal\/wp-content\/uploads\/2011\/09\/100_64711.jpg\"><img loading=\"lazy\" decoding=\"async\" class=\"aligncenter size-medium wp-image-8400\" title=\"100_6471\" src=\"http:\/\/www.sudoestehoje.com.br\/novoportal\/wp-content\/uploads\/2011\/09\/100_64711-500x375.jpg\" alt=\"\" width=\"500\" height=\"375\" srcset=\"https:\/\/www.sudoestehoje.com.br\/novoportal\/wp-content\/uploads\/2011\/09\/100_64711-500x375.jpg 500w, https:\/\/www.sudoestehoje.com.br\/novoportal\/wp-content\/uploads\/2011\/09\/100_64711-1024x768.jpg 1024w\" sizes=\"auto, (max-width: 500px) 100vw, 500px\" \/><\/a><\/p>\n<p style=\"text-align: center;\"><em><strong>Renan Gusm\u00e3o \u00e9 o novo coordenador da Comutran<\/strong><\/em><\/p>\n<p style=\"text-align: center;\"><em><strong><a href=\"http:\/\/www.sudoestehoje.com.br\/novoportal\/wp-content\/uploads\/2011\/09\/100_64721.jpg\"><img loading=\"lazy\" decoding=\"async\" class=\"aligncenter size-medium wp-image-8403\" title=\"100_6472\" src=\"http:\/\/www.sudoestehoje.com.br\/novoportal\/wp-content\/uploads\/2011\/09\/100_64721-500x375.jpg\" alt=\"\" width=\"500\" height=\"375\" srcset=\"https:\/\/www.sudoestehoje.com.br\/novoportal\/wp-content\/uploads\/2011\/09\/100_64721-500x375.jpg 500w, https:\/\/www.sudoestehoje.com.br\/novoportal\/wp-content\/uploads\/2011\/09\/100_64721-1024x768.jpg 1024w\" sizes=\"auto, (max-width: 500px) 100vw, 500px\" \/><\/a>&#8216;Nego R\u00f3&#8217; voltou ao seu posto, depois da tempestade<\/strong><\/em><\/p>\n<p style=\"text-align: left;\">\n<p style=\"text-align: center;\"><a href=\"http:\/\/www.sudoestehoje.com.br\/novoportal\/wp-content\/uploads\/2011\/09\/100_6473.jpg\"><img loading=\"lazy\" decoding=\"async\" class=\"aligncenter size-medium wp-image-8402\" title=\"100_6473\" src=\"http:\/\/www.sudoestehoje.com.br\/novoportal\/wp-content\/uploads\/2011\/09\/100_6473-500x375.jpg\" alt=\"\" width=\"500\" height=\"375\" srcset=\"https:\/\/www.sudoestehoje.com.br\/novoportal\/wp-content\/uploads\/2011\/09\/100_6473-500x375.jpg 500w, https:\/\/www.sudoestehoje.com.br\/novoportal\/wp-content\/uploads\/2011\/09\/100_6473-1024x768.jpg 1024w\" sizes=\"auto, (max-width: 500px) 100vw, 500px\" \/><\/a><em><strong>Lessa desfilou no comando da Zona Azul<\/strong><\/em><\/p>\n<p style=\"text-align: left;\">\n","protected":false},"excerpt":{"rendered":"<p>A \u00fanica novidade no desfile da independ\u00eancia foi a participa\u00e7\u00e3o do novo coordenador da Comutran, Renan Gusm\u00e3o, que tem pela frente a \u00e1rdua tarefe de recuperar a imagem do \u00f3rg\u00e3o, totalmente desgastada pelos desmandos do seu antecessor. Renan Gusm\u00e3o \u00e9 o novo coordenador da Comutran &#8216;Nego R\u00f3&#8217; voltou ao seu posto, depois da tempestade Lessa [&hellip;]<\/p>\n","protected":false},"author":2,"featured_media":0,"comment_status":"open","ping_status":"open","sticky":false,"template":"","format":"standard","meta":{"footnotes":"","_links_to":"","_links_to_target":""},"categories":[1],"tags":[],"class_list":["post-8398","post","type-post","status-publish","format-standard","hentry","category-geral"],"views":1190,"_links":{"self":[{"href":"https:\/\/www.sudoestehoje.com.br\/novoportal\/wp-json\/wp\/v2\/posts\/8398","targetHints":{"allow":["GET"]}}],"collection":[{"href":"https:\/\/www.sudoestehoje.com.br\/novoportal\/wp-json\/wp\/v2\/posts"}],"about":[{"href":"https:\/\/www.sudoestehoje.com.br\/novoportal\/wp-json\/wp\/v2\/types\/post"}],"author":[{"embeddable":true,"href":"https:\/\/www.sudoestehoje.com.br\/novoportal\/wp-json\/wp\/v2\/users\/2"}],"replies":[{"embeddable":true,"href":"https:\/\/www.sudoestehoje.com.br\/novoportal\/wp-json\/wp\/v2\/comments?post=8398"}],"version-history":[{"count":2,"href":"https:\/\/www.sudoestehoje.com.br\/novoportal\/wp-json\/wp\/v2\/posts\/8398\/revisions"}],"predecessor-version":[{"id":8405,"href":"https:\/\/www.sudoestehoje.com.br\/novoportal\/wp-json\/wp\/v2\/posts\/8398\/revisions\/8405"}],"wp:attachment":[{"href":"https:\/\/www.sudoestehoje.com.br\/novoportal\/wp-json\/wp\/v2\/media?parent=8398"}],"wp:term":[{"taxonomy":"category","embeddable":true,"href":"https:\/\/www.sudoestehoje.com.br\/novoportal\/wp-json\/wp\/v2\/categories?post=8398"},{"taxonomy":"post_tag","embeddable":true,"href":"https:\/\/www.sudoestehoje.com.br\/novoportal\/wp-json\/wp\/v2\/tags?post=8398"}],"curies":[{"name":"wp","href":"https:\/\/api.w.org\/{rel}","templated":true}]}}