
{"id":83932,"date":"2019-12-01T18:13:31","date_gmt":"2019-12-01T21:13:31","guid":{"rendered":"https:\/\/www.sudoestehoje.com.br\/novoportal\/?p=83932"},"modified":"2019-12-02T21:27:28","modified_gmt":"2019-12-03T00:27:28","slug":"morre-em-salvador-a-itapetinguense-neuza-ferraz-conhecida-como-teta","status":"publish","type":"post","link":"https:\/\/www.sudoestehoje.com.br\/novoportal\/2019\/12\/01\/morre-em-salvador-a-itapetinguense-neuza-ferraz-conhecida-como-teta\/","title":{"rendered":"MORRE EM SALVADOR A ITAPETINGUENSE NEUZA FERRAZ, CONHECIDA COMO &#8216;TETA&#8217;"},"content":{"rendered":"<p><a href=\"https:\/\/www.sudoestehoje.com.br\/novoportal\/wp-content\/uploads\/2019\/12\/teta.jpg\"><img loading=\"lazy\" decoding=\"async\" class=\"aligncenter size-medium wp-image-83933\" src=\"https:\/\/www.sudoestehoje.com.br\/novoportal\/wp-content\/uploads\/2019\/12\/teta-500x411.jpg\" alt=\"\" width=\"500\" height=\"411\" srcset=\"https:\/\/www.sudoestehoje.com.br\/novoportal\/wp-content\/uploads\/2019\/12\/teta-500x411.jpg 500w, https:\/\/www.sudoestehoje.com.br\/novoportal\/wp-content\/uploads\/2019\/12\/teta-768x631.jpg 768w, https:\/\/www.sudoestehoje.com.br\/novoportal\/wp-content\/uploads\/2019\/12\/teta-700x575.jpg 700w, https:\/\/www.sudoestehoje.com.br\/novoportal\/wp-content\/uploads\/2019\/12\/teta.jpg 769w\" sizes=\"auto, (max-width: 500px) 100vw, 500px\" \/><\/a><\/p>\n<p>Faleceu, na manh\u00e3 deste domingo, em Salvador, a itapetinguense Neuza Ferraz Silva Rocha, conhecida popularmente como &#8216;Teta Ferraz&#8217;, filha de Capit\u00e3o e Tut\u00fa Ferraz, ambos<em> in memoria<\/em>.<\/p>\n<p>Teta n\u00e3o sofria de nenhuma enfermidade, mas passou mal no in\u00edcio da manh\u00e3 de hoje, foi socorrida, e veio a falecer de infarto do mioc\u00e1rdio instantaneamente.<\/p>\n<p>De fam\u00edlia tradicional em Itapetinga, Conquista e regi\u00e3o, Teta deixou 3 filhos adultos, Junior &#8216;Cafezal&#8217;, Eneida e Dina, netos e os irm\u00e3os, Zoz\u00f3, Si, Santa, Ozires, Lucinha, Neuma, Nerivaldo e Wilson Ferraz, residentes em Itapetinga, Conquista e Salvador.<\/p>\n<p>Teta era pessoa alegre e comunicativa, totalmente dedicada aos filhos, netos e irm\u00e3os, e o seu falecimento deixa uma enorme lacuna na fam\u00edlia Ferraz e na sociedade itapetinguense, onde era muito querida.<\/p>\n<p>O editor do Sudoeste Hoje e fam\u00edlia lamenta imensamente a perda irrepar\u00e1vel da prima e amiga Teta, estendendo o seu pesar aos demais membros da fam\u00edlia.<\/p>\n<p>O sepultamento acontecer\u00e1 em Salvador, nas primeiras horas desta segunda-feira (2).<\/p>\n<p><strong><em>Davi Ferraz &#8211; Editor\u00a0<\/em><\/strong><\/p>\n","protected":false},"excerpt":{"rendered":"<p>Faleceu, na manh\u00e3 deste domingo, em Salvador, a itapetinguense Neuza Ferraz Silva Rocha, conhecida popularmente como &#8216;Teta Ferraz&#8217;, filha de Capit\u00e3o e Tut\u00fa Ferraz, ambos in memoria. Teta n\u00e3o sofria de nenhuma enfermidade, mas passou mal no in\u00edcio da manh\u00e3 de hoje, foi socorrida, e veio a falecer de infarto do mioc\u00e1rdio instantaneamente. De fam\u00edlia [&hellip;]<\/p>\n","protected":false},"author":2,"featured_media":83933,"comment_status":"open","ping_status":"open","sticky":false,"template":"","format":"standard","meta":{"footnotes":"","_links_to":"","_links_to_target":""},"categories":[1],"tags":[],"class_list":["post-83932","post","type-post","status-publish","format-standard","has-post-thumbnail","hentry","category-geral"],"views":1607,"_links":{"self":[{"href":"https:\/\/www.sudoestehoje.com.br\/novoportal\/wp-json\/wp\/v2\/posts\/83932","targetHints":{"allow":["GET"]}}],"collection":[{"href":"https:\/\/www.sudoestehoje.com.br\/novoportal\/wp-json\/wp\/v2\/posts"}],"about":[{"href":"https:\/\/www.sudoestehoje.com.br\/novoportal\/wp-json\/wp\/v2\/types\/post"}],"author":[{"embeddable":true,"href":"https:\/\/www.sudoestehoje.com.br\/novoportal\/wp-json\/wp\/v2\/users\/2"}],"replies":[{"embeddable":true,"href":"https:\/\/www.sudoestehoje.com.br\/novoportal\/wp-json\/wp\/v2\/comments?post=83932"}],"version-history":[{"count":5,"href":"https:\/\/www.sudoestehoje.com.br\/novoportal\/wp-json\/wp\/v2\/posts\/83932\/revisions"}],"predecessor-version":[{"id":83973,"href":"https:\/\/www.sudoestehoje.com.br\/novoportal\/wp-json\/wp\/v2\/posts\/83932\/revisions\/83973"}],"wp:featuredmedia":[{"embeddable":true,"href":"https:\/\/www.sudoestehoje.com.br\/novoportal\/wp-json\/wp\/v2\/media\/83933"}],"wp:attachment":[{"href":"https:\/\/www.sudoestehoje.com.br\/novoportal\/wp-json\/wp\/v2\/media?parent=83932"}],"wp:term":[{"taxonomy":"category","embeddable":true,"href":"https:\/\/www.sudoestehoje.com.br\/novoportal\/wp-json\/wp\/v2\/categories?post=83932"},{"taxonomy":"post_tag","embeddable":true,"href":"https:\/\/www.sudoestehoje.com.br\/novoportal\/wp-json\/wp\/v2\/tags?post=83932"}],"curies":[{"name":"wp","href":"https:\/\/api.w.org\/{rel}","templated":true}]}}